{"id":2316,"date":"2018-03-20T14:19:09","date_gmt":"2018-03-20T13:19:09","guid":{"rendered":"http:\/\/praha8.zeleni.cz\/?p=2316"},"modified":"2018-09-30T16:06:06","modified_gmt":"2018-09-30T16:06:06","slug":"maji-mit-obyvatele-prahy-8-moznost-se-svym-parkovacim-opravnenim-zaparkovat-i-v-ostatnich-mestskych-castech","status":"publish","type":"post","link":"https:\/\/www.osmickasobe.cz\/index.php\/2018\/03\/20\/maji-mit-obyvatele-prahy-8-moznost-se-svym-parkovacim-opravnenim-zaparkovat-i-v-ostatnich-mestskych-castech\/","title":{"rendered":"Maj\u00ed m\u00edt obyvatel\u00e9 Prahy 8 mo\u017enost se sv\u00fdm parkovac\u00edm opr\u00e1vn\u011bn\u00edm zaparkovat i v ostatn\u00edch m\u011bstsk\u00fdch \u010d\u00e1stech?"},"content":{"rendered":"<p><a href=\"http:\/\/praha8.zeleni.cz\/wp-content\/uploads\/sites\/68\/2018\/04\/tit5.jpg\"><img loading=\"lazy\" class=\"alignright wp-image-2330 size-medium\" src=\"http:\/\/praha8.zeleni.cz\/wp-content\/uploads\/sites\/68\/2018\/04\/tit5-300x200.jpg\" alt=\"\" width=\"300\" height=\"200\" \/><\/a><\/p>\n<p><b>Ano, ale ne zdarma.<\/b><\/p>\n<p><span style=\"font-weight: 400;\">Chceme, aby se co nejrychleji a nejpohodln\u011bji pohybovali lid\u00e9 a ne dopravn\u00ed prost\u0159edky. \u010c\u00edm v\u00edce z n\u00e1s si k p\u0159eprav\u011b po Praze zvol\u00ed auto, t\u00edm pomaleji se ti ostatn\u00ed dostanou tam, kam pot\u0159ebuj\u00ed, nemluv\u011b o zdrav\u00ed \u0161kodliv\u00fdch exhalac\u00edch a z\u00e1boru ve\u0159ejn\u00e9ho prostoru parkov\u00e1n\u00edm. Dostupnost a cena parkov\u00e1n\u00ed m\u00e1 obrovsk\u00fd vliv na to, zda n\u011bkam jet autem nebo jinak. Pokud n\u011bkde nezaparkuji, tak tam asi autem nepojedu. Proto by se velikost \u00fazem\u00ed, kde m\u016f\u017eeme parkovat s parkovac\u00ed kartou, nem\u011bla zvy\u0161ovat, ale zmen\u0161ovat jen na bezprost\u0159edn\u00ed bl\u00edzkost bydli\u0161t\u011b. Nen\u00ed toti\u017e z\u0159ejm\u00e9, pro\u010d by obyvatel\u00e9 Karl\u00edna m\u011bli m\u00edt mo\u017enost parkovat v Kobylis\u00edch, kam vede linka metra i tramvajov\u00e1 tra\u0165, a ne t\u0159eba na bli\u017e\u0161\u00edm \u017di\u017ekov\u011b.<\/span><\/p>\n<p><span style=\"font-weight: 400;\">Na druhou stranu je nutn\u00e9 respektovat, \u017ee n\u011bkdy je auto skute\u010dn\u011b t\u00edm nejvhodn\u011bj\u0161\u00edm prost\u0159edkem dopravy. Pak je t\u0159eba umo\u017enit zaparkovat v c\u00edli cesty i v reziden\u010dn\u00ed z\u00f3n\u011b, ale ne zdarma. Praha je historick\u00e9 m\u011bsto, kter\u00e9 zejm\u00e9na v centru, ale ani na s\u00eddli\u0161t\u00edch, nezvl\u00e1d\u00e1 sou\u010dasn\u00fd n\u00e1por automobilov\u00e9ho provozu. Zelen\u00ed podporuj\u00ed MHD a cyklistickou a p\u011b\u0161\u00ed dopravu a p\u0159\u00edpadn\u011b sd\u00edlen\u00ed aut tak, aby se co nejv\u00edce dom\u00e1cnost\u00ed bez vlastn\u00edho auta obe\u0161la. Proto jsme na magistr\u00e1tu prosadili sn\u00ed\u017een\u00ed ceny ro\u010dn\u00edho j\u00edzdn\u00e9ho na MHD na 10 korun denn\u011b a podporujeme v\u00fdstavbu nov\u00fdch spojen\u00ed, jako je t\u0159eba l\u00e1vka z Karl\u00edna do Hole\u0161ovic pro p\u011b\u0161\u00ed, nebo tzv. Nov\u00e9 spojen\u00ed II, kter\u00e9 by m\u011blo podstatn\u011b zrychlit a zkapacitnit p\u0159\u00edm\u011bstskou \u017eelezni\u010dn\u00ed dopravu.<\/span><\/p>\n<p><span style=\"font-weight: 400;\">Tom\u00e1\u0161 Hnyk<\/span><span style=\"font-weight: 400;\"><br \/>\n<\/span><span style=\"font-weight: 400;\">m\u00edstop\u0159edseda Strany zelen\u00fdch na Praze 8<br \/>\nkandid\u00e1t Osmi\u010dky sob\u011b do zastupitelstva M\u010c Praha 8.<\/span><\/p>\n<p>(m\u011bs\u00ed\u010dn\u00edk Osmi\u010dka 04\/18)<\/p>\n<p><em><strong>OSMI\u010cKA SOB\u011a \u2013 ZELEN\u00cd, KDU-\u010cSL a nez\u00e1visl\u00ed letos kandiduj\u00ed spole\u010dn\u011b v komun\u00e1ln\u00edch volb\u00e1ch do zastupitelstva Prahy 8.<\/strong><\/em><\/p>\n","protected":false},"excerpt":{"rendered":"<p>Ano, ale ne zdarma. Chceme, aby se co nejrychleji a nejpohodln\u011bji pohybovali lid\u00e9 a ne dopravn\u00ed prost\u0159edky. \u010c\u00edm v\u00edce z n\u00e1s si k p\u0159eprav\u011b po Praze zvol\u00ed auto, t\u00edm pomaleji se ti ostatn\u00ed dostanou tam, kam pot\u0159ebuj\u00ed, nemluv\u011b o zdrav\u00ed \u0161kodliv\u00fdch exhalac\u00edch a z\u00e1boru ve\u0159ejn\u00e9ho prostoru parkov\u00e1n\u00edm. Dostupnost a cena parkov\u00e1n\u00ed m\u00e1 obrovsk\u00fd vliv na &hellip; <a href=\"https:\/\/www.osmickasobe.cz\/index.php\/2018\/03\/20\/maji-mit-obyvatele-prahy-8-moznost-se-svym-parkovacim-opravnenim-zaparkovat-i-v-ostatnich-mestskych-castech\/\" class=\"more-link\">Pokra\u010dov\u00e1n\u00ed textu <span class=\"screen-reader-text\">Maj\u00ed m\u00edt obyvatel\u00e9 Prahy 8 mo\u017enost se sv\u00fdm parkovac\u00edm opr\u00e1vn\u011bn\u00edm zaparkovat i v ostatn\u00edch m\u011bstsk\u00fdch \u010d\u00e1stech?<\/span><\/a><\/p>\n","protected":false},"author":2,"featured_media":0,"comment_status":"open","ping_status":"open","sticky":false,"template":"","format":"standard","meta":[],"categories":[6],"tags":[],"uagb_featured_image_src":{"full":false,"thumbnail":false,"medium":false,"medium_large":false,"large":false,"1536x1536":false,"2048x2048":false,"post-thumbnail":false},"uagb_author_info":{"display_name":"Stepan Klimes","author_link":"https:\/\/www.osmickasobe.cz\/index.php\/author\/stepan\/"},"uagb_comment_info":12,"uagb_excerpt":"Ano, ale ne zdarma. Chceme, aby se co nejrychleji a nejpohodln\u011bji pohybovali lid\u00e9 a ne dopravn\u00ed prost\u0159edky. \u010c\u00edm v\u00edce z n\u00e1s si k p\u0159eprav\u011b po Praze zvol\u00ed auto, t\u00edm pomaleji se ti ostatn\u00ed dostanou tam, kam pot\u0159ebuj\u00ed, nemluv\u011b o zdrav\u00ed \u0161kodliv\u00fdch exhalac\u00edch a z\u00e1boru ve\u0159ejn\u00e9ho prostoru parkov\u00e1n\u00edm. Dostupnost a cena parkov\u00e1n\u00ed m\u00e1 obrovsk\u00fd vliv na&hellip;","_links":{"self":[{"href":"https:\/\/www.osmickasobe.cz\/index.php\/wp-json\/wp\/v2\/posts\/2316"}],"collection":[{"href":"https:\/\/www.osmickasobe.cz\/index.php\/wp-json\/wp\/v2\/posts"}],"about":[{"href":"https:\/\/www.osmickasobe.cz\/index.php\/wp-json\/wp\/v2\/types\/post"}],"author":[{"embeddable":true,"href":"https:\/\/www.osmickasobe.cz\/index.php\/wp-json\/wp\/v2\/users\/2"}],"replies":[{"embeddable":true,"href":"https:\/\/www.osmickasobe.cz\/index.php\/wp-json\/wp\/v2\/comments?post=2316"}],"version-history":[{"count":1,"href":"https:\/\/www.osmickasobe.cz\/index.php\/wp-json\/wp\/v2\/posts\/2316\/revisions"}],"predecessor-version":[{"id":2481,"href":"https:\/\/www.osmickasobe.cz\/index.php\/wp-json\/wp\/v2\/posts\/2316\/revisions\/2481"}],"wp:attachment":[{"href":"https:\/\/www.osmickasobe.cz\/index.php\/wp-json\/wp\/v2\/media?parent=2316"}],"wp:term":[{"taxonomy":"category","embeddable":true,"href":"https:\/\/www.osmickasobe.cz\/index.php\/wp-json\/wp\/v2\/categories?post=2316"},{"taxonomy":"post_tag","embeddable":true,"href":"https:\/\/www.osmickasobe.cz\/index.php\/wp-json\/wp\/v2\/tags?post=2316"}],"curies":[{"name":"wp","href":"https:\/\/api.w.org\/{rel}","templated":true}]}}