{"id":2319,"date":"2018-02-10T10:21:50","date_gmt":"2018-02-10T09:21:50","guid":{"rendered":"http:\/\/praha8.zeleni.cz\/?p=2319"},"modified":"2018-09-30T16:06:32","modified_gmt":"2018-09-30T16:06:32","slug":"musime-zlevnit-domaci-peci-o-seniory","status":"publish","type":"post","link":"https:\/\/www.osmickasobe.cz\/index.php\/2018\/02\/10\/musime-zlevnit-domaci-peci-o-seniory\/","title":{"rendered":"Mus\u00edme zlevnit dom\u00e1c\u00ed p\u00e9\u010di o seniory"},"content":{"rendered":"<div>\n<p><em>(z f\u00f3ra v \u010dasopise Osmi\u010dka)<\/em><\/p>\n<p>Ot\u00e1zka: Pro\u010d se nov\u00fd D\u016fm soci\u00e1ln\u00edch slu\u017eeb stal pro ob\u010dany Prahy 8 finan\u010dn\u011b nedostupn\u00fd?<\/p>\n<p>Odpove\u010f:\u00a0Mus\u00edme zlevnit dom\u00e1c\u00ed p\u00e9\u010di o seniory.<\/p>\n<\/div>\n<div><\/div>\n<div>Ze statistik vypl\u00fdv\u00e1, \u017ee 80 procent d\u016fchodc\u016f chce do\u017e\u00edt doma. Dom\u00e1c\u00ed p\u00e9\u010de je n\u00e1ro\u010dn\u00e1 po fyzick\u00e9 i psychick\u00e9 str\u00e1nce. Pokud pe\u010duj\u00edc\u00ed mus\u00ed opustit zam\u011bstn\u00e1n\u00ed, st\u00e1v\u00e1 se n\u00e1ro\u010dnou i po str\u00e1nce finan\u010dn\u00ed &#8211; paradoxn\u011b m\u016f\u017ee b\u00fdt pro rodiny dom\u00e1c\u00ed p\u00e9\u010de finan\u010dn\u011b daleko n\u00e1ro\u010dn\u011bj\u0161\u00ed ne\u017e um\u00edst\u011bn\u00ed do domova pro seniory. Tyto domovy jsou st\u00e1tem dotovan\u00e9, a to od 10 000 K\u010d m\u011bs\u00ed\u010dn\u011b za klienta, v p\u0159\u00edpadech t\u011b\u017e\u0161\u00edch forem demence jde i o dvojn\u00e1sobek. Proto je pro Zelen\u00e9 kl\u00ed\u010dov\u00fd rozvoj t\u011bch slu\u017eeb, kter\u00e9 seniorovi pom\u00e1haj\u00ed v jeho dom\u00e1c\u00edm prost\u0159ed\u00ed a kter\u00e9 sn\u00ed\u017e\u00ed finan\u010dn\u00ed n\u00e1ro\u010dnost p\u00e9\u010de v rodinn\u00e9m kruhu. Roz\u0161\u00ed\u0159en\u00ed nab\u00eddky ter\u00e9nn\u00edch slu\u017eeb m\u016f\u017ee pomoci sn\u00ed\u017eit p\u0159etlak na um\u00edst\u011bn\u00ed v pra\u017esk\u00fdch domovech pro seniory. Ty by m\u011bly b\u00fdt a\u017e posledn\u00ed mo\u017enost\u00ed, b\u00fdvaj\u00ed ale v\u011bt\u0161inou prvn\u00edm \u0159e\u0161en\u00edm, kter\u00e9 rodiny vol\u00ed.<\/div>\n<div>\n<p dir=\"ltr\">Ter\u00e9nn\u00ed a ambulantn\u00ed slu\u017eby poskytuj\u00ed vedle st\u00e1tn\u00edch organizac\u00ed tak\u00e9 c\u00edrkve a neziskov\u00e9 organizace, kter\u00e9 jsou v oblasti dom\u00e1c\u00ed p\u00e9\u010de nezastupiteln\u00e9; jsou to tak\u00e9 v\u011bt\u0161inou ony, kter\u00e9 p\u0159ich\u00e1zej\u00ed s nov\u00fdmi p\u0159\u00edstupy. Velmi zaj\u00edmavou, finan\u010dn\u011b dostupnou, a p\u0159itom m\u00e1lo zn\u00e1mou slu\u017ebou je t\u00eds\u0148ov\u00e1 p\u00e9\u010de \u017divota 90. Senior na ruce nos\u00ed tla\u010d\u00edtko, jeho\u017e stiskem se v p\u0159\u00edpad\u011b nouze spoj\u00ed s nonstop dispe\u010dinkem. Rodiny tak mohou b\u00fdt klidn\u011bj\u0161\u00ed v dob\u011b, kdy se nemohou o \u010dlena sv\u00e9 rodiny starat.<\/p>\n<p dir=\"ltr\">Osobn\u011b jsem pracovala v domov\u011b pro seniory a nyn\u00ed jsem dobrovolnic\u00ed \u017divota 90. Na seniory \u010dasto spole\u010dnost zapom\u00edn\u00e1, proto mi p\u0159ijde dobrovolnictv\u00ed pr\u00e1v\u011b v t\u00e9to oblasti velmi d\u016fle\u017eit\u00e9.<\/p>\n<p>Ing. Hana Matou\u0161ov\u00e1<br \/>\nradn\u00ed M\u010c Praha 8, kandid\u00e1tka Osmi\u010dky sob\u011b do zastupitelstva Prahy 8<\/p>\n<p><em><strong>OSMI\u010cKA SOB\u011a \u2013 ZELEN\u00cd, KDU-\u010cSL a nez\u00e1visl\u00ed letos kandiduj\u00ed spole\u010dn\u011b v komun\u00e1ln\u00edch volb\u00e1ch do zastupitelstva Prahy 8.<\/strong><\/em><\/p>\n<\/div>\n","protected":false},"excerpt":{"rendered":"<p>(z f\u00f3ra v \u010dasopise Osmi\u010dka) Ot\u00e1zka: Pro\u010d se nov\u00fd D\u016fm soci\u00e1ln\u00edch slu\u017eeb stal pro ob\u010dany Prahy 8 finan\u010dn\u011b nedostupn\u00fd? Odpove\u010f:\u00a0Mus\u00edme zlevnit dom\u00e1c\u00ed p\u00e9\u010di o seniory. Ze statistik vypl\u00fdv\u00e1, \u017ee 80 procent d\u016fchodc\u016f chce do\u017e\u00edt doma. Dom\u00e1c\u00ed p\u00e9\u010de je n\u00e1ro\u010dn\u00e1 po fyzick\u00e9 i psychick\u00e9 str\u00e1nce. Pokud pe\u010duj\u00edc\u00ed mus\u00ed opustit zam\u011bstn\u00e1n\u00ed, st\u00e1v\u00e1 se n\u00e1ro\u010dnou i po str\u00e1nce &hellip; <a href=\"https:\/\/www.osmickasobe.cz\/index.php\/2018\/02\/10\/musime-zlevnit-domaci-peci-o-seniory\/\" class=\"more-link\">Pokra\u010dov\u00e1n\u00ed textu <span class=\"screen-reader-text\">Mus\u00edme zlevnit dom\u00e1c\u00ed p\u00e9\u010di o seniory<\/span><\/a><\/p>\n","protected":false},"author":2,"featured_media":0,"comment_status":"open","ping_status":"open","sticky":false,"template":"","format":"standard","meta":[],"categories":[6],"tags":[],"uagb_featured_image_src":{"full":false,"thumbnail":false,"medium":false,"medium_large":false,"large":false,"1536x1536":false,"2048x2048":false,"post-thumbnail":false},"uagb_author_info":{"display_name":"Stepan Klimes","author_link":"https:\/\/www.osmickasobe.cz\/index.php\/author\/stepan\/"},"uagb_comment_info":11,"uagb_excerpt":"(z f\u00f3ra v \u010dasopise Osmi\u010dka) Ot\u00e1zka: Pro\u010d se nov\u00fd D\u016fm soci\u00e1ln\u00edch slu\u017eeb stal pro ob\u010dany Prahy 8 finan\u010dn\u011b nedostupn\u00fd? Odpove\u010f:\u00a0Mus\u00edme zlevnit dom\u00e1c\u00ed p\u00e9\u010di o seniory. Ze statistik vypl\u00fdv\u00e1, \u017ee 80 procent d\u016fchodc\u016f chce do\u017e\u00edt doma. Dom\u00e1c\u00ed p\u00e9\u010de je n\u00e1ro\u010dn\u00e1 po fyzick\u00e9 i psychick\u00e9 str\u00e1nce. Pokud pe\u010duj\u00edc\u00ed mus\u00ed opustit zam\u011bstn\u00e1n\u00ed, st\u00e1v\u00e1 se n\u00e1ro\u010dnou i po str\u00e1nce&hellip;","_links":{"self":[{"href":"https:\/\/www.osmickasobe.cz\/index.php\/wp-json\/wp\/v2\/posts\/2319"}],"collection":[{"href":"https:\/\/www.osmickasobe.cz\/index.php\/wp-json\/wp\/v2\/posts"}],"about":[{"href":"https:\/\/www.osmickasobe.cz\/index.php\/wp-json\/wp\/v2\/types\/post"}],"author":[{"embeddable":true,"href":"https:\/\/www.osmickasobe.cz\/index.php\/wp-json\/wp\/v2\/users\/2"}],"replies":[{"embeddable":true,"href":"https:\/\/www.osmickasobe.cz\/index.php\/wp-json\/wp\/v2\/comments?post=2319"}],"version-history":[{"count":1,"href":"https:\/\/www.osmickasobe.cz\/index.php\/wp-json\/wp\/v2\/posts\/2319\/revisions"}],"predecessor-version":[{"id":2482,"href":"https:\/\/www.osmickasobe.cz\/index.php\/wp-json\/wp\/v2\/posts\/2319\/revisions\/2482"}],"wp:attachment":[{"href":"https:\/\/www.osmickasobe.cz\/index.php\/wp-json\/wp\/v2\/media?parent=2319"}],"wp:term":[{"taxonomy":"category","embeddable":true,"href":"https:\/\/www.osmickasobe.cz\/index.php\/wp-json\/wp\/v2\/categories?post=2319"},{"taxonomy":"post_tag","embeddable":true,"href":"https:\/\/www.osmickasobe.cz\/index.php\/wp-json\/wp\/v2\/tags?post=2319"}],"curies":[{"name":"wp","href":"https:\/\/api.w.org\/{rel}","templated":true}]}}