{"id":2327,"date":"2018-04-30T15:00:51","date_gmt":"2018-04-30T14:00:51","guid":{"rendered":"http:\/\/praha8.zeleni.cz\/?p=2327"},"modified":"2018-04-30T15:00:51","modified_gmt":"2018-04-30T14:00:51","slug":"maji-byt-v-praze-8-zachovany-zahradkarske-kolonie","status":"publish","type":"post","link":"https:\/\/www.osmickasobe.cz\/index.php\/2018\/04\/30\/maji-byt-v-praze-8-zachovany-zahradkarske-kolonie\/","title":{"rendered":"Maj\u00ed b\u00fdt v Praze 8 zachov\u00e1ny zahr\u00e1dk\u00e1\u0159sk\u00e9 kolonie?"},"content":{"rendered":"<p><strong><a href=\"http:\/\/praha8.zeleni.cz\/wp-content\/uploads\/sites\/68\/2018\/04\/10385.jpg\"><img loading=\"lazy\" class=\"size-medium wp-image-2343 alignright\" src=\"http:\/\/praha8.zeleni.cz\/wp-content\/uploads\/sites\/68\/2018\/04\/10385-300x225.jpg\" alt=\"\" width=\"300\" height=\"225\" \/><\/a>Nevzd\u00e1vejme se p\u016fdy (pod nohama)<\/strong><br \/>\nJednozna\u010dn\u011b ano. Zahr\u00e1dk\u00e1\u0159sk\u00e9 kolonie nejsou relikt minulosti, jak se sna\u017e\u00ed n\u011bkte\u0159\u00ed politici podsouvat. Naopak \u2013 jsou n\u00e1strojem, jak propojit ekonomick\u00fd r\u016fst a kvalitu \u017eivota, co\u017e v sou\u010dasnosti vyu\u017e\u00edvaj\u00ed mnoh\u00e9 z\u00e1padn\u00ed metropole. Pouze takov\u00e9 m\u011bsto, kter\u00e9 je atraktivn\u00ed pro v\u0161echny obyvatele, k sob\u011b l\u00e1k\u00e1 dal\u0161\u00ed talenty a vytv\u00e1\u0159\u00ed slu\u017eby s vysokou p\u0159idanou hodnotou. Kolonie poskytuj\u00ed prostor pro odpo\u010dinek a realizaci v\u0161em vrstv\u00e1m obyvatelstva. Zahr\u00e1dka\u0159en\u00ed tak nen\u00ed dostupn\u00e9 pouze pro ty, kte\u0159\u00ed zaplat\u00ed 100 000 K\u010d\/m\u00b2, ale pro v\u0161echny \u2013 pr\u016fm\u011brn\u00e9 ro\u010dn\u00ed n\u00e1jemn\u00e9 v kolonii se pohybuje kolem 3 000 K\u010d. D\u016fsledky devastace obecn\u00edho n\u00e1jemn\u00edho bydlen\u00ed z 90. let se v dob\u011b ekonomick\u00e9 prosperity podepsaly na st\u00e1le rostouc\u00edch cen\u00e1ch n\u00e1jm\u016f. Bylo by proto kr\u00e1tkozrak\u00e9 stejn\u011b zdevastovat i obecn\u00ed trh se zahr\u00e1dkami.<br \/>\nZahr\u00e1dka\u0159en\u00ed m\u00e1 u n\u00e1s tradici, jen \u010desk\u00fd zahr\u00e1dk\u00e1\u0159sk\u00fd svaz m\u00e1 p\u0159es 170 000 \u010dlen\u016f. Stejn\u011b tak se m\u016f\u017ee st\u00e1t ka\u017ed\u00fd \u010dlenem kolonie a z\u00edskat do n\u00e1jmu chatku \u010di z\u00e1honek, chce to jen trochu \u010dasu a ob\u00edh\u00e1n\u00ed (genera\u010dn\u00ed v\u00fdm\u011bna zde prob\u00edh\u00e1 stejn\u011b jako v\u0161ude jinde). Dal\u0161\u00edm d\u016fvodem, pro\u010d zachov\u00e1vat ve m\u011bst\u011b zele\u0148 (jak\u00e9hokoliv typu), je boj s letn\u00edmi vedry \u2013 zelen\u00e1 nezastav\u011bn\u00e1 plocha pozitivn\u011b sni\u017euje jejich dopad. A na rozd\u00edl nap\u0159. od park\u016f nestoj\u00ed \u00fadr\u017eba zelen\u011b v zahr\u00e1dk\u00e1\u0159sk\u00e9 kolonii m\u011bstskou kasu ani korunu. Zahr\u00e1dk\u00e1\u0159sk\u00e9 kolonie proto z\u016fst\u00e1vaj\u00ed od Berl\u00edna po Stockholm. Ale i na Libe\u0148sk\u00e9m ostrov\u011b, kde nav\u00edc koup\u00edte ko\u010dku za\u00a0\u00bd litru vodky. A to se vyplat\u00ed.<\/p>\n<p>Josef Gattermayer<\/p>\n<p>\u010dlen rady z\u00e1kladn\u00ed organizace Strany zelen\u00fdch na Praze 8<\/p>\n<p>(m\u011bs\u00ed\u010dn\u00edk Osmi\u010dka 05\/18)<\/p>\n","protected":false},"excerpt":{"rendered":"<p>Nevzd\u00e1vejme se p\u016fdy (pod nohama) Jednozna\u010dn\u011b ano. Zahr\u00e1dk\u00e1\u0159sk\u00e9 kolonie nejsou relikt minulosti, jak se sna\u017e\u00ed n\u011bkte\u0159\u00ed politici podsouvat. Naopak \u2013 jsou n\u00e1strojem, jak propojit ekonomick\u00fd r\u016fst a kvalitu \u017eivota, co\u017e v sou\u010dasnosti vyu\u017e\u00edvaj\u00ed mnoh\u00e9 z\u00e1padn\u00ed metropole. Pouze takov\u00e9 m\u011bsto, kter\u00e9 je atraktivn\u00ed pro v\u0161echny obyvatele, k sob\u011b l\u00e1k\u00e1 dal\u0161\u00ed talenty a vytv\u00e1\u0159\u00ed slu\u017eby s vysokou &hellip; <a href=\"https:\/\/www.osmickasobe.cz\/index.php\/2018\/04\/30\/maji-byt-v-praze-8-zachovany-zahradkarske-kolonie\/\" class=\"more-link\">Pokra\u010dov\u00e1n\u00ed textu <span class=\"screen-reader-text\">Maj\u00ed b\u00fdt v Praze 8 zachov\u00e1ny zahr\u00e1dk\u00e1\u0159sk\u00e9 kolonie?<\/span><\/a><\/p>\n","protected":false},"author":1,"featured_media":0,"comment_status":"open","ping_status":"open","sticky":false,"template":"","format":"standard","meta":[],"categories":[6],"tags":[],"uagb_featured_image_src":{"full":false,"thumbnail":false,"medium":false,"medium_large":false,"large":false,"1536x1536":false,"2048x2048":false,"post-thumbnail":false},"uagb_author_info":{"display_name":"osmickasob","author_link":"https:\/\/www.osmickasobe.cz\/index.php\/author\/osmickasob\/"},"uagb_comment_info":22,"uagb_excerpt":"Nevzd\u00e1vejme se p\u016fdy (pod nohama) Jednozna\u010dn\u011b ano. Zahr\u00e1dk\u00e1\u0159sk\u00e9 kolonie nejsou relikt minulosti, jak se sna\u017e\u00ed n\u011bkte\u0159\u00ed politici podsouvat. Naopak \u2013 jsou n\u00e1strojem, jak propojit ekonomick\u00fd r\u016fst a kvalitu \u017eivota, co\u017e v sou\u010dasnosti vyu\u017e\u00edvaj\u00ed mnoh\u00e9 z\u00e1padn\u00ed metropole. Pouze takov\u00e9 m\u011bsto, kter\u00e9 je atraktivn\u00ed pro v\u0161echny obyvatele, k sob\u011b l\u00e1k\u00e1 dal\u0161\u00ed talenty a vytv\u00e1\u0159\u00ed slu\u017eby s vysokou&hellip;","_links":{"self":[{"href":"https:\/\/www.osmickasobe.cz\/index.php\/wp-json\/wp\/v2\/posts\/2327"}],"collection":[{"href":"https:\/\/www.osmickasobe.cz\/index.php\/wp-json\/wp\/v2\/posts"}],"about":[{"href":"https:\/\/www.osmickasobe.cz\/index.php\/wp-json\/wp\/v2\/types\/post"}],"author":[{"embeddable":true,"href":"https:\/\/www.osmickasobe.cz\/index.php\/wp-json\/wp\/v2\/users\/1"}],"replies":[{"embeddable":true,"href":"https:\/\/www.osmickasobe.cz\/index.php\/wp-json\/wp\/v2\/comments?post=2327"}],"version-history":[{"count":0,"href":"https:\/\/www.osmickasobe.cz\/index.php\/wp-json\/wp\/v2\/posts\/2327\/revisions"}],"wp:attachment":[{"href":"https:\/\/www.osmickasobe.cz\/index.php\/wp-json\/wp\/v2\/media?parent=2327"}],"wp:term":[{"taxonomy":"category","embeddable":true,"href":"https:\/\/www.osmickasobe.cz\/index.php\/wp-json\/wp\/v2\/categories?post=2327"},{"taxonomy":"post_tag","embeddable":true,"href":"https:\/\/www.osmickasobe.cz\/index.php\/wp-json\/wp\/v2\/tags?post=2327"}],"curies":[{"name":"wp","href":"https:\/\/api.w.org\/{rel}","templated":true}]}}