{"id":2345,"date":"2018-05-30T15:28:02","date_gmt":"2018-05-30T14:28:02","guid":{"rendered":"http:\/\/praha8.zeleni.cz\/?p=2345"},"modified":"2018-05-30T15:28:02","modified_gmt":"2018-05-30T14:28:02","slug":"mela-by-mestska-cast-praha-8-iniciovat-vystavbu-najemnich-bytu","status":"publish","type":"post","link":"https:\/\/www.osmickasobe.cz\/index.php\/2018\/05\/30\/mela-by-mestska-cast-praha-8-iniciovat-vystavbu-najemnich-bytu\/","title":{"rendered":"M\u011bla by m\u011bstsk\u00e1 \u010d\u00e1st Praha 8 iniciovat v\u00fdstavbu n\u00e1jemn\u00edch byt\u016f?"},"content":{"rendered":"<div><strong>Souhlas\u00edme s v\u00fdstavbou obecn\u00edch byt\u016f<a href=\"http:\/\/praha8.zeleni.cz\/wp-content\/uploads\/sites\/68\/2016\/05\/petr_vilgus_ctverec.jpg\"><img loading=\"lazy\" class=\"size-medium wp-image-1982 alignright\" src=\"http:\/\/praha8.zeleni.cz\/wp-content\/uploads\/sites\/68\/2016\/05\/petr_vilgus_ctverec-300x300.jpg\" alt=\"\" width=\"300\" height=\"300\" \/><\/a><\/strong><\/div>\n<div>V cel\u00e9 Evrop\u011b v posledn\u00edch letech prudce rostou ceny nemovitost\u00ed a n\u00e1jm\u016f. Levn\u00e9 hypot\u00e9ky a stoupaj\u00edc\u00ed bohatstv\u00ed lid\u00ed d\u00edky dlouh\u00e9mu obdob\u00ed ekonomick\u00e9ho r\u016fstu vytv\u00e1\u0159\u00ed popt\u00e1vku, kterou develope\u0159i nedok\u00e1\u017e\u00ed ukojit novou v\u00fdstavbou. Vysok\u00e9 ceny v\u0161ak tr\u00e1p\u00ed nejen ty, kte\u0159\u00ed si cht\u011bj\u00ed koupit bydlen\u00ed do osobn\u00edho vlastnictv\u00ed, ale i n\u00e1jemn\u00edky, kte\u0159\u00ed necht\u011bj\u00ed vlastnit, ale jen za rozumn\u00e9 pen\u00edze bydlet. Zelen\u00ed \u0159\u00edkaj\u00ed: m\u011bsto se m\u00e1 st\u00e1t developerem a stav\u011bt byty nejen pro lidi v soci\u00e1ln\u00ed nouzi, ale i pro mlad\u00e9 rodiny, ovdov\u011bl\u00e9 d\u016fchodce a v\u016fbec ob\u010dany, kte\u0159\u00ed si nemohou dovolit bydlen\u00ed v soukrom\u00e9m.<br \/>\nPraha 8 se v minulosti zbavila t\u00e9m\u011b\u0159 v\u0161ech byt\u016f. Stalo se tak z \u010d\u00e1sti z ideologick\u00fdch d\u016fvod\u016f, kdy soci\u00e1ln\u011b necitliv\u00e1 ODS tvrdila \u201espr\u00e1vn\u00e1 obec nem\u00e1 podnikat a i pron\u00e1jem byt\u016f je podnik\u00e1n\u00ed\u201c. Pikantn\u00edm z\u00e1v\u011brem cel\u00e9ho p\u0159\u00edb\u011bhu bylo, \u017ee za pen\u00edze z privatizace zalo\u017eili akciovku a cht\u011bli provozovat vlastn\u00ed hypermarket na Palmovce.<br \/>\nZelen\u00ed podporuj\u00ed v\u00fdstavbu nov\u00fdch obecn\u00edch dom\u016f ur\u010den\u00fdch pro bydlen\u00ed. Obec mus\u00ed garantovat cenov\u011b dostupn\u00e9 bydlen\u00ed v\u0161em sv\u00fdm obyvatel\u016fm. Nesm\u00ed p\u0159ipustit, aby se z m\u011bsta stalo ghetto jen pro bohat\u00e9 a pro turisty v pronajat\u00fdch bytech p\u0159es Airbnb. Nejde dovolit, aby dostupn\u00e9 bydlen\u00ed pro dne\u0161n\u00edho Pra\u017eana bylo v budoucnu a\u017e za hranic\u00ed metropole v m\u011bstech a vesnic\u00edch St\u0159edo\u010desk\u00e9ho kraje. P\u0159\u00edkladem zvl\u00e1dnut\u00e9ho m\u011bstsk\u00e9ho developmentu je V\u00edde\u0148. Zde rostou cel\u00e9 bloky dom\u016f, kter\u00e9 m\u011bsto stav\u00ed pro sv\u00e9 ob\u010dany. Je m\u00fdm velk\u00fdm p\u0159\u00e1n\u00edm, aby i Praha pochopila, \u017ee bez obecn\u00edch n\u00e1jemn\u00edch byt\u016f to nejde. Z\u00e1rove\u0148 tvrd\u00edm, \u017ee na obecn\u00ed bydlen\u00ed by m\u011bl podstatn\u011b p\u0159isp\u00edvat st\u00e1t a magistr\u00e1t.<\/div>\n<div>\n<p>Petr Vilgus<\/p>\n<p>M\u00edstarosta Prahy 8<\/p>\n<p>(m\u011bs\u00ed\u010dn\u00edk Osmi\u010dka 06\/18)<\/p>\n<\/div>\n","protected":false},"excerpt":{"rendered":"<p>Souhlas\u00edme s v\u00fdstavbou obecn\u00edch byt\u016f V cel\u00e9 Evrop\u011b v posledn\u00edch letech prudce rostou ceny nemovitost\u00ed a n\u00e1jm\u016f. Levn\u00e9 hypot\u00e9ky a stoupaj\u00edc\u00ed bohatstv\u00ed lid\u00ed d\u00edky dlouh\u00e9mu obdob\u00ed ekonomick\u00e9ho r\u016fstu vytv\u00e1\u0159\u00ed popt\u00e1vku, kterou develope\u0159i nedok\u00e1\u017e\u00ed ukojit novou v\u00fdstavbou. Vysok\u00e9 ceny v\u0161ak tr\u00e1p\u00ed nejen ty, kte\u0159\u00ed si cht\u011bj\u00ed koupit bydlen\u00ed do osobn\u00edho vlastnictv\u00ed, ale i n\u00e1jemn\u00edky, kte\u0159\u00ed necht\u011bj\u00ed &hellip; <a href=\"https:\/\/www.osmickasobe.cz\/index.php\/2018\/05\/30\/mela-by-mestska-cast-praha-8-iniciovat-vystavbu-najemnich-bytu\/\" class=\"more-link\">Pokra\u010dov\u00e1n\u00ed textu <span class=\"screen-reader-text\">M\u011bla by m\u011bstsk\u00e1 \u010d\u00e1st Praha 8 iniciovat v\u00fdstavbu n\u00e1jemn\u00edch byt\u016f?<\/span><\/a><\/p>\n","protected":false},"author":1,"featured_media":0,"comment_status":"open","ping_status":"open","sticky":false,"template":"","format":"standard","meta":[],"categories":[6],"tags":[],"uagb_featured_image_src":{"full":false,"thumbnail":false,"medium":false,"medium_large":false,"large":false,"1536x1536":false,"2048x2048":false,"post-thumbnail":false},"uagb_author_info":{"display_name":"osmickasob","author_link":"https:\/\/www.osmickasobe.cz\/index.php\/author\/osmickasob\/"},"uagb_comment_info":18,"uagb_excerpt":"Souhlas\u00edme s v\u00fdstavbou obecn\u00edch byt\u016f V cel\u00e9 Evrop\u011b v posledn\u00edch letech prudce rostou ceny nemovitost\u00ed a n\u00e1jm\u016f. Levn\u00e9 hypot\u00e9ky a stoupaj\u00edc\u00ed bohatstv\u00ed lid\u00ed d\u00edky dlouh\u00e9mu obdob\u00ed ekonomick\u00e9ho r\u016fstu vytv\u00e1\u0159\u00ed popt\u00e1vku, kterou develope\u0159i nedok\u00e1\u017e\u00ed ukojit novou v\u00fdstavbou. Vysok\u00e9 ceny v\u0161ak tr\u00e1p\u00ed nejen ty, kte\u0159\u00ed si cht\u011bj\u00ed koupit bydlen\u00ed do osobn\u00edho vlastnictv\u00ed, ale i n\u00e1jemn\u00edky, kte\u0159\u00ed necht\u011bj\u00ed&hellip;","_links":{"self":[{"href":"https:\/\/www.osmickasobe.cz\/index.php\/wp-json\/wp\/v2\/posts\/2345"}],"collection":[{"href":"https:\/\/www.osmickasobe.cz\/index.php\/wp-json\/wp\/v2\/posts"}],"about":[{"href":"https:\/\/www.osmickasobe.cz\/index.php\/wp-json\/wp\/v2\/types\/post"}],"author":[{"embeddable":true,"href":"https:\/\/www.osmickasobe.cz\/index.php\/wp-json\/wp\/v2\/users\/1"}],"replies":[{"embeddable":true,"href":"https:\/\/www.osmickasobe.cz\/index.php\/wp-json\/wp\/v2\/comments?post=2345"}],"version-history":[{"count":0,"href":"https:\/\/www.osmickasobe.cz\/index.php\/wp-json\/wp\/v2\/posts\/2345\/revisions"}],"wp:attachment":[{"href":"https:\/\/www.osmickasobe.cz\/index.php\/wp-json\/wp\/v2\/media?parent=2345"}],"wp:term":[{"taxonomy":"category","embeddable":true,"href":"https:\/\/www.osmickasobe.cz\/index.php\/wp-json\/wp\/v2\/categories?post=2345"},{"taxonomy":"post_tag","embeddable":true,"href":"https:\/\/www.osmickasobe.cz\/index.php\/wp-json\/wp\/v2\/tags?post=2345"}],"curies":[{"name":"wp","href":"https:\/\/api.w.org\/{rel}","templated":true}]}}