{"id":2347,"date":"2018-06-30T09:09:22","date_gmt":"2018-06-30T08:09:22","guid":{"rendered":"http:\/\/praha8.zeleni.cz\/?p=2347"},"modified":"2018-09-30T16:05:14","modified_gmt":"2018-09-30T16:05:14","slug":"mla-by-praha-8-dal-platit-spolecnosti-praha-tv-s-r-o-za-jeji-zpravodajstvi","status":"publish","type":"post","link":"https:\/\/www.osmickasobe.cz\/index.php\/2018\/06\/30\/mla-by-praha-8-dal-platit-spolecnosti-praha-tv-s-r-o-za-jeji-zpravodajstvi\/","title":{"rendered":"M\u011bla by Praha 8 d\u00e1l platit spole\u010dnosti  Praha TV, s. r. o., za jej\u00ed zpravodajstv\u00ed?"},"content":{"rendered":"<p><strong><a href=\"http:\/\/praha8.zeleni.cz\/wp-content\/uploads\/sites\/68\/2015\/12\/stepan_portret1.jpg\"><img loading=\"lazy\" class=\"size-medium wp-image-1945 alignright\" src=\"http:\/\/praha8.zeleni.cz\/wp-content\/uploads\/sites\/68\/2015\/12\/stepan_portret1-200x300.jpg\" alt=\"\" width=\"200\" height=\"300\" \/><\/a>V \u017e\u00e1dn\u00e9m p\u0159\u00edpad\u011b.<\/strong><\/p>\n<p>Praha 8 si od spole\u010dnosti Praha TV, s. r. o., objedn\u00e1v\u00e1 za 27 tis\u00edc K\u010d m\u011bs\u00ed\u010dn\u011b desetiminutov\u00e9 video se zpravodajstv\u00edm z m\u011bstsk\u00e9 \u010d\u00e1sti. Tato spolupr\u00e1ce se neosv\u011bd\u010dila a m\u011bla by b\u00fdt bez n\u00e1hrady ukon\u010dena. Mnohem kvalitn\u011bj\u0161\u00ed televizn\u00ed zpravodajstv\u00ed ji\u017e nab\u00edz\u00ed ve\u0159ejnopr\u00e1vn\u00ed \u010cesk\u00e1 televize ve sv\u00fdch po\u0159adech Z metropole, Nedej se a jin\u00fdch, kter\u00e9 se opakovan\u011b a \u010dasto zab\u00fdvaj\u00ed celou Prahou a i na\u0161\u00ed m\u011bstskou \u010d\u00e1st\u00ed. Podle smlouvy s Praha TV m\u00e1 Praha 8 z\u00e1jem \u201ezprost\u0159edkov\u00e1vat \u0161irok\u00e9 ve\u0159ejnosti objektivn\u00ed a vyv\u00e1\u017een\u00e9 informace o sv\u00e9 \u010dinnosti\u201c. To v\u0161ak dodan\u00e1 videa nenapl\u0148uj\u00ed a domn\u00edv\u00e1m se, \u017ee dodavatel t\u00edm nepln\u00ed objednan\u00e9 zad\u00e1n\u00ed ani z\u00e1konn\u00e9 po\u017eadavky na vyv\u00e1\u017eenost zpravodajstv\u00ed. Zpravodajstv\u00ed by m\u011blo b\u00fdt v\u017edy vyv\u00e1\u017een\u00e9, n\u00e1zorov\u011b pestr\u00e9, obsahovat i kritick\u00e9 n\u00e1zory, hlasy opozice.<br \/>\nInformov\u00e1n\u00ed ze strany m\u011bstsk\u00e9 \u010d\u00e1sti je t\u0159eba nad\u00e1le zlep\u0161ovat. Tok informac\u00ed mus\u00ed prob\u00edhat ob\u011bma sm\u011bry mezi radnic\u00ed a ve\u0159ejnost\u00ed. Douf\u00e1me, \u017ee i nad\u00e1le budeme rozv\u00edjet projedn\u00e1v\u00e1n\u00ed z\u00e1m\u011br\u016f s ve\u0159ejnost\u00ed, jako byla nap\u0159\u00edklad dv\u011b setk\u00e1n\u00ed k z\u00e1m\u011br\u016fm vystav\u011bt vlakov\u00e9 zast\u00e1vky v Karl\u00edn\u011b a v Libni, kter\u00e1 prob\u011bhla na za\u010d\u00e1tku \u010dervna za hojn\u00e9 \u00fa\u010dasti ob\u010dan\u016f.<br \/>\nPen\u00edze u\u0161et\u0159en\u00e9 za videa od Praha TV by radnice m\u011bla investovat do akc\u00ed a krok\u016f, o kter\u00fdch budou m\u00e9dia informovat sama od sebe.<\/p>\n<p>\u0160t\u011bp\u00e1n Klime\u0161<\/p>\n<p>P\u0159edseda z\u00e1kladn\u00ed organizace Strany zelen\u00fdch na Praze 8 a kandid\u00e1t Osmi\u010dky sob\u011b do zastupitelstva M\u010c Praha 8.<\/p>\n<p>(m\u011bs\u00ed\u010dn\u00edk Osmi\u010dka 07\/18)<\/p>\n<p><em><strong>OSMI\u010cKA SOB\u011a \u2013 ZELEN\u00cd, KDU-\u010cSL a nez\u00e1visl\u00ed letos kandiduj\u00ed spole\u010dn\u011b v komun\u00e1ln\u00edch volb\u00e1ch do zastupitelstva Prahy 8.<\/strong><\/em><\/p>\n","protected":false},"excerpt":{"rendered":"<p>V \u017e\u00e1dn\u00e9m p\u0159\u00edpad\u011b. Praha 8 si od spole\u010dnosti Praha TV, s. r. o., objedn\u00e1v\u00e1 za 27 tis\u00edc K\u010d m\u011bs\u00ed\u010dn\u011b desetiminutov\u00e9 video se zpravodajstv\u00edm z m\u011bstsk\u00e9 \u010d\u00e1sti. Tato spolupr\u00e1ce se neosv\u011bd\u010dila a m\u011bla by b\u00fdt bez n\u00e1hrady ukon\u010dena. Mnohem kvalitn\u011bj\u0161\u00ed televizn\u00ed zpravodajstv\u00ed ji\u017e nab\u00edz\u00ed ve\u0159ejnopr\u00e1vn\u00ed \u010cesk\u00e1 televize ve sv\u00fdch po\u0159adech Z metropole, Nedej se a jin\u00fdch, &hellip; <a href=\"https:\/\/www.osmickasobe.cz\/index.php\/2018\/06\/30\/mla-by-praha-8-dal-platit-spolecnosti-praha-tv-s-r-o-za-jeji-zpravodajstvi\/\" class=\"more-link\">Pokra\u010dov\u00e1n\u00ed textu <span class=\"screen-reader-text\">M\u011bla by Praha 8 d\u00e1l platit spole\u010dnosti  Praha TV, s. r. o., za jej\u00ed zpravodajstv\u00ed?<\/span><\/a><\/p>\n","protected":false},"author":1,"featured_media":0,"comment_status":"open","ping_status":"open","sticky":false,"template":"","format":"standard","meta":[],"categories":[6],"tags":[],"uagb_featured_image_src":{"full":false,"thumbnail":false,"medium":false,"medium_large":false,"large":false,"1536x1536":false,"2048x2048":false,"post-thumbnail":false},"uagb_author_info":{"display_name":"osmickasob","author_link":"https:\/\/www.osmickasobe.cz\/index.php\/author\/osmickasob\/"},"uagb_comment_info":19,"uagb_excerpt":"V \u017e\u00e1dn\u00e9m p\u0159\u00edpad\u011b. Praha 8 si od spole\u010dnosti Praha TV, s. r. o., objedn\u00e1v\u00e1 za 27 tis\u00edc K\u010d m\u011bs\u00ed\u010dn\u011b desetiminutov\u00e9 video se zpravodajstv\u00edm z m\u011bstsk\u00e9 \u010d\u00e1sti. Tato spolupr\u00e1ce se neosv\u011bd\u010dila a m\u011bla by b\u00fdt bez n\u00e1hrady ukon\u010dena. Mnohem kvalitn\u011bj\u0161\u00ed televizn\u00ed zpravodajstv\u00ed ji\u017e nab\u00edz\u00ed ve\u0159ejnopr\u00e1vn\u00ed \u010cesk\u00e1 televize ve sv\u00fdch po\u0159adech Z metropole, Nedej se a jin\u00fdch,&hellip;","_links":{"self":[{"href":"https:\/\/www.osmickasobe.cz\/index.php\/wp-json\/wp\/v2\/posts\/2347"}],"collection":[{"href":"https:\/\/www.osmickasobe.cz\/index.php\/wp-json\/wp\/v2\/posts"}],"about":[{"href":"https:\/\/www.osmickasobe.cz\/index.php\/wp-json\/wp\/v2\/types\/post"}],"author":[{"embeddable":true,"href":"https:\/\/www.osmickasobe.cz\/index.php\/wp-json\/wp\/v2\/users\/1"}],"replies":[{"embeddable":true,"href":"https:\/\/www.osmickasobe.cz\/index.php\/wp-json\/wp\/v2\/comments?post=2347"}],"version-history":[{"count":1,"href":"https:\/\/www.osmickasobe.cz\/index.php\/wp-json\/wp\/v2\/posts\/2347\/revisions"}],"predecessor-version":[{"id":2480,"href":"https:\/\/www.osmickasobe.cz\/index.php\/wp-json\/wp\/v2\/posts\/2347\/revisions\/2480"}],"wp:attachment":[{"href":"https:\/\/www.osmickasobe.cz\/index.php\/wp-json\/wp\/v2\/media?parent=2347"}],"wp:term":[{"taxonomy":"category","embeddable":true,"href":"https:\/\/www.osmickasobe.cz\/index.php\/wp-json\/wp\/v2\/categories?post=2347"},{"taxonomy":"post_tag","embeddable":true,"href":"https:\/\/www.osmickasobe.cz\/index.php\/wp-json\/wp\/v2\/tags?post=2347"}],"curies":[{"name":"wp","href":"https:\/\/api.w.org\/{rel}","templated":true}]}}