{"id":2351,"date":"2018-07-31T18:50:16","date_gmt":"2018-07-31T17:50:16","guid":{"rendered":"http:\/\/praha8.zeleni.cz\/?p=2351"},"modified":"2018-07-31T18:50:16","modified_gmt":"2018-07-31T17:50:16","slug":"ma-radnice-usilovat-o-ozivovani-prazdnych-domu-a-jakymi-zpusoby","status":"publish","type":"post","link":"https:\/\/www.osmickasobe.cz\/index.php\/2018\/07\/31\/ma-radnice-usilovat-o-ozivovani-prazdnych-domu-a-jakymi-zpusoby\/","title":{"rendered":"M\u00e1 radnice usilovat o o\u017eivov\u00e1n\u00ed pr\u00e1zdn\u00fdch dom\u016f?  A jak\u00fdmi zp\u016fsoby?"},"content":{"rendered":"<p><strong>V Karl\u00edn\u011b se povedl mal\u00fd z\u00e1zrak<\/strong><br \/>\nPr\u00e1zdn\u00e9 domy v Praze jsou probl\u00e9m, domy ch\u00e1traj\u00ed a jejich okol\u00ed \u010dasto trp\u00ed vandalismem a nepo\u0159\u00e1dkem. Je tedy v z\u00e1jmu m\u011bsta domy o\u017eivit \u2013 by\u0165 do\u010dasn\u011b.<a href=\"http:\/\/praha8.zeleni.cz\/wp-content\/uploads\/sites\/68\/2017\/06\/HM5.jpg\"><img loading=\"lazy\" class=\"size-medium wp-image-2121 alignright\" src=\"http:\/\/praha8.zeleni.cz\/wp-content\/uploads\/sites\/68\/2017\/06\/HM5-205x300.jpg\" alt=\"\" width=\"205\" height=\"300\" \/><\/a><br \/>\nZelen\u00fdm se poda\u0159ilo pomoci o\u017eivit t\u0159i objekty v Karl\u00edn\u011b: Invalidovnu, Kas\u00e1rna a magistr\u00e1tn\u00ed d\u016fm Za Po\u0159\u00ed\u010dskou branou. Osobn\u011b to pova\u017euji za mal\u00fd z\u00e1zrak. Povedlo se n\u00e1m po dlouh\u00fdch jedn\u00e1n\u00edch s r\u016fzn\u00fdmi st\u00e1tn\u00edmi subjekty vyjednat pron\u00e1jmy pro iniciativy, kter\u00e9 budovy vyu\u017eij\u00ed pro komunitn\u00ed a um\u011bleck\u00e9 akce. Karl\u00ednu p\u0159ibyly dv\u011b hudebn\u00ed sc\u00e9ny, letn\u00ed kino, galerie a recykla\u010dn\u00ed d\u00edlna. Podle n\u00e1s by st\u00e1t m\u011bl se sv\u00fdm majetkem hospoda\u0159it tak, \u017ee nevyu\u017eit\u00e9 budovy pronajme pro ve\u0159ejn\u011b prosp\u011b\u0161n\u00e9 projekty. Bohu\u017eel to nen\u00ed b\u011b\u017en\u00e1 praxe a \u0159ada budov v majetku st\u00e1tu zbyte\u010dn\u011b ch\u00e1tr\u00e1.<br \/>\nDal\u0161\u00ed v\u00fdzvou jsou zanedban\u00e9 pozemky a budovy v soukrom\u00fdch rukou. Zde je mand\u00e1t radnice pro jedn\u00e1n\u00ed slab\u0161\u00ed. Ale i zde se daj\u00ed vyjednat zaj\u00edmav\u00e9 spolupr\u00e1ce. Iniciativa Jako doma z\u00edskala pron\u00e1jem domu v Karl\u00edn\u011b, jej\u017e majitel pronajal do\u010dasn\u011b, ne\u017e z\u00edsk\u00e1 pot\u0159ebn\u00e1 povolen\u00ed k rekonstrukci. My se letos pokou\u0161\u00edme jednat s vlastn\u00edky, zda by na sv\u00fdch pozemc\u00edch necht\u011bli provozovat do\u010dasn\u011b komunitn\u00ed zahradu.<br \/>\nLibe\u0148 m\u00e1 svoji smutnou zku\u0161enost s Pal\u00e1cem Sv\u011bt, kter\u00fd vlastn\u00ed italsk\u00fd majitel. Ten slibuje dokon\u010den\u00ed je\u0161t\u011b letos, tak se nech\u00e1me p\u0159ekvapit, zda to skute\u010dn\u011b spln\u00ed. Pam\u00e1tkov\u00e1 ochrana v \u010cesku nefunguje p\u0159\u00edli\u0161 dob\u0159e a nedok\u00e1\u017ee nezodpov\u011bdn\u00e9 vlastn\u00edky donutit k pot\u0159ebn\u00fdm oprav\u00e1m. Pal\u00e1c Sv\u011bt, i kdy\u017e bude letos opraven, ztratil velkou \u010d\u00e1st architektonick\u00fdch a historick\u00fdch kvalit, bohu\u017eel.<\/p>\n<p>Hanka Matou\u0161ov\u00e1<\/p>\n<p>Radn\u00ed M\u010c Praha 8<\/p>\n<p>(m\u011bs\u00ed\u010dn\u00edk Osmi\u010dka 08\/18)<\/p>\n","protected":false},"excerpt":{"rendered":"<p>V Karl\u00edn\u011b se povedl mal\u00fd z\u00e1zrak Pr\u00e1zdn\u00e9 domy v Praze jsou probl\u00e9m, domy ch\u00e1traj\u00ed a jejich okol\u00ed \u010dasto trp\u00ed vandalismem a nepo\u0159\u00e1dkem. Je tedy v z\u00e1jmu m\u011bsta domy o\u017eivit \u2013 by\u0165 do\u010dasn\u011b. Zelen\u00fdm se poda\u0159ilo pomoci o\u017eivit t\u0159i objekty v Karl\u00edn\u011b: Invalidovnu, Kas\u00e1rna a magistr\u00e1tn\u00ed d\u016fm Za Po\u0159\u00ed\u010dskou branou. Osobn\u011b to pova\u017euji za mal\u00fd z\u00e1zrak. &hellip; <a href=\"https:\/\/www.osmickasobe.cz\/index.php\/2018\/07\/31\/ma-radnice-usilovat-o-ozivovani-prazdnych-domu-a-jakymi-zpusoby\/\" class=\"more-link\">Pokra\u010dov\u00e1n\u00ed textu <span class=\"screen-reader-text\">M\u00e1 radnice usilovat o o\u017eivov\u00e1n\u00ed pr\u00e1zdn\u00fdch dom\u016f?  A jak\u00fdmi zp\u016fsoby?<\/span><\/a><\/p>\n","protected":false},"author":1,"featured_media":0,"comment_status":"open","ping_status":"open","sticky":false,"template":"","format":"standard","meta":[],"categories":[6],"tags":[],"uagb_featured_image_src":{"full":false,"thumbnail":false,"medium":false,"medium_large":false,"large":false,"1536x1536":false,"2048x2048":false,"post-thumbnail":false},"uagb_author_info":{"display_name":"osmickasob","author_link":"https:\/\/www.osmickasobe.cz\/index.php\/author\/osmickasob\/"},"uagb_comment_info":1,"uagb_excerpt":"V Karl\u00edn\u011b se povedl mal\u00fd z\u00e1zrak Pr\u00e1zdn\u00e9 domy v Praze jsou probl\u00e9m, domy ch\u00e1traj\u00ed a jejich okol\u00ed \u010dasto trp\u00ed vandalismem a nepo\u0159\u00e1dkem. Je tedy v z\u00e1jmu m\u011bsta domy o\u017eivit \u2013 by\u0165 do\u010dasn\u011b. Zelen\u00fdm se poda\u0159ilo pomoci o\u017eivit t\u0159i objekty v Karl\u00edn\u011b: Invalidovnu, Kas\u00e1rna a magistr\u00e1tn\u00ed d\u016fm Za Po\u0159\u00ed\u010dskou branou. Osobn\u011b to pova\u017euji za mal\u00fd z\u00e1zrak.&hellip;","_links":{"self":[{"href":"https:\/\/www.osmickasobe.cz\/index.php\/wp-json\/wp\/v2\/posts\/2351"}],"collection":[{"href":"https:\/\/www.osmickasobe.cz\/index.php\/wp-json\/wp\/v2\/posts"}],"about":[{"href":"https:\/\/www.osmickasobe.cz\/index.php\/wp-json\/wp\/v2\/types\/post"}],"author":[{"embeddable":true,"href":"https:\/\/www.osmickasobe.cz\/index.php\/wp-json\/wp\/v2\/users\/1"}],"replies":[{"embeddable":true,"href":"https:\/\/www.osmickasobe.cz\/index.php\/wp-json\/wp\/v2\/comments?post=2351"}],"version-history":[{"count":0,"href":"https:\/\/www.osmickasobe.cz\/index.php\/wp-json\/wp\/v2\/posts\/2351\/revisions"}],"wp:attachment":[{"href":"https:\/\/www.osmickasobe.cz\/index.php\/wp-json\/wp\/v2\/media?parent=2351"}],"wp:term":[{"taxonomy":"category","embeddable":true,"href":"https:\/\/www.osmickasobe.cz\/index.php\/wp-json\/wp\/v2\/categories?post=2351"},{"taxonomy":"post_tag","embeddable":true,"href":"https:\/\/www.osmickasobe.cz\/index.php\/wp-json\/wp\/v2\/tags?post=2351"}],"curies":[{"name":"wp","href":"https:\/\/api.w.org\/{rel}","templated":true}]}}