{"id":2394,"date":"2018-08-19T12:06:13","date_gmt":"2018-08-19T11:06:13","guid":{"rendered":"http:\/\/praha8.zeleni.cz\/?p=2394"},"modified":"2018-09-30T16:03:49","modified_gmt":"2018-09-30T16:03:49","slug":"jak-muze-mc-napomoci-reseni-bezdomovectvi-v-ulicich-prahy-8","status":"publish","type":"post","link":"https:\/\/www.osmickasobe.cz\/index.php\/2018\/08\/19\/jak-muze-mc-napomoci-reseni-bezdomovectvi-v-ulicich-prahy-8\/","title":{"rendered":"Jak m\u016f\u017ee M\u010c napomoci \u0159e\u0161en\u00ed bezdomovectv\u00ed v ulic\u00edch Prahy 8?"},"content":{"rendered":"<p><strong>\u0158e\u0161en\u00ed bezdomovectv\u00ed je poskytnut\u00ed bydlen\u00ed<a href=\"http:\/\/praha8.zeleni.cz\/wp-content\/uploads\/sites\/68\/2016\/05\/petr_vilgus_ctverec.jpg\"><img loading=\"lazy\" class=\"size-medium wp-image-1982 alignright\" src=\"http:\/\/praha8.zeleni.cz\/wp-content\/uploads\/sites\/68\/2016\/05\/petr_vilgus_ctverec-300x300.jpg\" alt=\"\" width=\"300\" height=\"300\" \/><\/a><\/strong><\/p>\n<p>\u017diji v doln\u00ed Libni, kter\u00e1 je mno\u017estv\u00edm lid\u00ed bez domova pov\u011bstn\u00e1. P\u0159esto tu neusly\u0161\u00edte populistick\u00e9 \u0159e\u010di. Prvn\u00edm krokem, jak podle Zelen\u00fdch odstranit bezdomovce z na\u0161ich ulic, je poskytnout jim co nejrychleji trval\u00e9 p\u0159\u00edst\u0159e\u0161\u00ed. Podstatou projektu bydlen\u00ed na prvn\u00edm m\u00edst\u011b je, \u017ee d\u016fstojn\u011b bydl\u00edc\u00ed \u010dlov\u011bk nebo rodina dok\u00e1\u017ee \u0159e\u0161it i dal\u0161\u00ed probl\u00e9my \u2013 zam\u011bstn\u00e1n\u00ed, dluhovou z\u00e1t\u011b\u017e, doch\u00e1zku potomk\u016f do \u0161koly.<\/p>\n<p>Bezdomovcem se m\u016f\u017ee st\u00e1t ka\u017ed\u00fd z n\u00e1s. Svou vinu maj\u00ed i sou\u010dasn\u00e9 nesmysln\u00e9 ceny n\u00e1jemn\u00e9ho, kter\u00e9 \u017eenou nahoru mj. slu\u017eby ubytov\u00e1n\u00ed pro turisty v bytech Airbnb, \u010di nezvl\u00e1dnut\u00e1 privatizace byt\u016f, kterou zpackala ODS a TOP 09.<\/p>\n<p>Nejohro\u017een\u011bj\u0161\u00ed jsou lid\u00e9 z n\u00edzkop\u0159\u00edjmov\u00fdch skupin, samo\u017eivitel\u00e9 nebo senio\u0159i. Sta\u010d\u00ed za\u017e\u00edt \u017eivotn\u00ed trag\u00e9dii, \u00famrt\u00ed milovan\u00e9ho partnera, ztr\u00e1tu pr\u00e1ce, lidskou zradu. Na \u010das p\u0159estaneme vn\u00edmat sv\u011bt okolo sebe a kdy\u017e krize p\u0159ejde, zjist\u00edme, \u017ee u\u017e se nem\u00e1me kam vr\u00e1tit. Ocitneme se na ulici, za\u017eijeme odm\u00edtnut\u00ed pomoci od b\u00fdval\u00fdch p\u0159\u00e1tel, ztrat\u00edme mo\u017enost se um\u00fdt, n\u011bkdo n\u00e1s okrade. S ka\u017ed\u00fdm t\u00edm krokem jsme d\u00e1l a d\u00e1l tomu, co b\u011b\u017en\u00e1 spole\u010dnost vn\u00edm\u00e1 jako standard. Okol\u00ed se n\u00e1s za\u010dne \u0161t\u00edtit. V takovou chv\u00edli mus\u00ed p\u0159ij\u00edt obec ve spolupr\u00e1ci s neziskovkami. Obec, kter\u00e1 m\u00e1 propracovan\u00fd syst\u00e9m n\u00e1vratu bezdomovc\u016f do b\u011b\u017en\u00e9ho \u017eivota v\u010detn\u011b okam\u017eit\u00e9 nab\u00eddky ubytov\u00e1n\u00ed. Tak to u\u017e n\u011bjak\u00fd \u010das funguje v Brn\u011b. Zelen\u00ed z Prahy 8 jsou p\u0159ipraveni takov\u00fd projekt zah\u00e1jit a uk\u00e1zat, \u017ee Brno m\u016f\u017ee b\u00fdt pro hlavn\u00ed m\u011bsto dobrou inspirac\u00ed.<\/p>\n<p>Petr Vilgus<\/p>\n<p>M\u00edstostarosta M\u010c Praha 8<br \/>\nl\u00eddr kandid\u00e1tky OSMI\u010cKA SOB\u011a \u2013 ZELEN\u00cd, KDU-\u010cSL \u00a0a nez\u00e1visl\u00ed<\/p>\n<p>(m\u011bs\u00ed\u010dn\u00edk Osmi\u010dka 09\/18)<\/p>\n","protected":false},"excerpt":{"rendered":"<p>\u0158e\u0161en\u00ed bezdomovectv\u00ed je poskytnut\u00ed bydlen\u00ed \u017diji v doln\u00ed Libni, kter\u00e1 je mno\u017estv\u00edm lid\u00ed bez domova pov\u011bstn\u00e1. P\u0159esto tu neusly\u0161\u00edte populistick\u00e9 \u0159e\u010di. Prvn\u00edm krokem, jak podle Zelen\u00fdch odstranit bezdomovce z na\u0161ich ulic, je poskytnout jim co nejrychleji trval\u00e9 p\u0159\u00edst\u0159e\u0161\u00ed. Podstatou projektu bydlen\u00ed na prvn\u00edm m\u00edst\u011b je, \u017ee d\u016fstojn\u011b bydl\u00edc\u00ed \u010dlov\u011bk nebo rodina dok\u00e1\u017ee \u0159e\u0161it i dal\u0161\u00ed &hellip; <a href=\"https:\/\/www.osmickasobe.cz\/index.php\/2018\/08\/19\/jak-muze-mc-napomoci-reseni-bezdomovectvi-v-ulicich-prahy-8\/\" class=\"more-link\">Pokra\u010dov\u00e1n\u00ed textu <span class=\"screen-reader-text\">Jak m\u016f\u017ee M\u010c napomoci \u0159e\u0161en\u00ed bezdomovectv\u00ed v ulic\u00edch Prahy 8?<\/span><\/a><\/p>\n","protected":false},"author":1,"featured_media":0,"comment_status":"open","ping_status":"open","sticky":false,"template":"","format":"standard","meta":[],"categories":[6],"tags":[],"uagb_featured_image_src":{"full":false,"thumbnail":false,"medium":false,"medium_large":false,"large":false,"1536x1536":false,"2048x2048":false,"post-thumbnail":false},"uagb_author_info":{"display_name":"osmickasob","author_link":"https:\/\/www.osmickasobe.cz\/index.php\/author\/osmickasob\/"},"uagb_comment_info":28,"uagb_excerpt":"\u0158e\u0161en\u00ed bezdomovectv\u00ed je poskytnut\u00ed bydlen\u00ed \u017diji v doln\u00ed Libni, kter\u00e1 je mno\u017estv\u00edm lid\u00ed bez domova pov\u011bstn\u00e1. P\u0159esto tu neusly\u0161\u00edte populistick\u00e9 \u0159e\u010di. Prvn\u00edm krokem, jak podle Zelen\u00fdch odstranit bezdomovce z na\u0161ich ulic, je poskytnout jim co nejrychleji trval\u00e9 p\u0159\u00edst\u0159e\u0161\u00ed. Podstatou projektu bydlen\u00ed na prvn\u00edm m\u00edst\u011b je, \u017ee d\u016fstojn\u011b bydl\u00edc\u00ed \u010dlov\u011bk nebo rodina dok\u00e1\u017ee \u0159e\u0161it i dal\u0161\u00ed&hellip;","_links":{"self":[{"href":"https:\/\/www.osmickasobe.cz\/index.php\/wp-json\/wp\/v2\/posts\/2394"}],"collection":[{"href":"https:\/\/www.osmickasobe.cz\/index.php\/wp-json\/wp\/v2\/posts"}],"about":[{"href":"https:\/\/www.osmickasobe.cz\/index.php\/wp-json\/wp\/v2\/types\/post"}],"author":[{"embeddable":true,"href":"https:\/\/www.osmickasobe.cz\/index.php\/wp-json\/wp\/v2\/users\/1"}],"replies":[{"embeddable":true,"href":"https:\/\/www.osmickasobe.cz\/index.php\/wp-json\/wp\/v2\/comments?post=2394"}],"version-history":[{"count":1,"href":"https:\/\/www.osmickasobe.cz\/index.php\/wp-json\/wp\/v2\/posts\/2394\/revisions"}],"predecessor-version":[{"id":2477,"href":"https:\/\/www.osmickasobe.cz\/index.php\/wp-json\/wp\/v2\/posts\/2394\/revisions\/2477"}],"wp:attachment":[{"href":"https:\/\/www.osmickasobe.cz\/index.php\/wp-json\/wp\/v2\/media?parent=2394"}],"wp:term":[{"taxonomy":"category","embeddable":true,"href":"https:\/\/www.osmickasobe.cz\/index.php\/wp-json\/wp\/v2\/categories?post=2394"},{"taxonomy":"post_tag","embeddable":true,"href":"https:\/\/www.osmickasobe.cz\/index.php\/wp-json\/wp\/v2\/tags?post=2394"}],"curies":[{"name":"wp","href":"https:\/\/api.w.org\/{rel}","templated":true}]}}