{"id":2449,"date":"2018-09-14T17:42:12","date_gmt":"2018-09-14T16:42:12","guid":{"rendered":"http:\/\/praha8.zeleni.cz\/?p=2449"},"modified":"2018-09-30T16:04:13","modified_gmt":"2018-09-30T16:04:13","slug":"v-komunalnich-volbach-v-roce-2018-kandiduji-zeleni-na-praze-8-pod-kandidatkou-osmicka-sobe","status":"publish","type":"post","link":"https:\/\/www.osmickasobe.cz\/index.php\/2018\/09\/14\/v-komunalnich-volbach-v-roce-2018-kandiduji-zeleni-na-praze-8-pod-kandidatkou-osmicka-sobe\/","title":{"rendered":"V komun\u00e1ln\u00edch volb\u00e1ch v roce 2018 kandiduj\u00ed Zelen\u00ed na Praze 8 pod kandid\u00e1tkou Osmi\u010dka sob\u011b"},"content":{"rendered":"<p>V jednot\u011b je s\u00edla a my Zelen\u00ed se zvl\u00e1\u0161t\u011b na komun\u00e1ln\u00ed \u00farovni um\u00edme dohodnout s uskupen\u00edmi, kter\u00e9 se na rozvoj m\u011bsta d\u00edvaj\u00ed podobn\u011b. Na Praze 8 je to mimo jin\u00e9 KDU-\u010cSL, se kter\u00fdm zde kandidujeme pod n\u00e1zvem <a href=\"http:\/\/www.osmickasobe.cz\">Osmi\u010dka sob\u011b<\/a>.<\/p>\n<p>L\u00eddrem kandid\u00e1tky <a href=\"http:\/\/www.osmickasobe.cz\">Osmi\u010dka sob\u011b<\/a> je n\u00e1\u0161 sou\u010dasn\u00fd m\u00edstostarosta Petr Vilgus a je n\u00e1sledov\u00e1n Tom\u00e1\u0161em Pavl\u016f, Zuzanou Tu\u010d\u0161\u00e1kovou a Hanou Matou\u0161ovou.<\/p>\n<p>Prioritami kandit\u00e1ky <a href=\"http:\/\/www.osmickasobe.cz\">Osmi\u010dka sob\u011b<\/a> je ochrana a rozvoj s\u00eddli\u0161\u0165 bez nevhodn\u00e9ho zahu\u0161\u0165ov\u00e1n\u00ed, posilov\u00e1n\u00ed ve\u0159ejn\u00e9 kolejov\u00e9 dopravy a rozvoj zanedban\u00fdch oblast\u00ed zejm\u00e9na v Libni podle studi\u00ed, kter\u00e9 jsme p\u0159ipravili v tomto volebn\u00edm obdob\u00ed. Samoz\u0159ejmost\u00ed pak pro n\u00e1s bude \u0159\u00e1dn\u00e9 projedn\u00e1v\u00e1n\u00ed z\u00e1m\u011br\u016f s ve\u0159ejnost\u00ed a to, \u017ee budeme vn\u00edmat ob\u010dany jako partnery, a ne jako obt\u00ed\u017en\u00fd hmyz.<\/p>\n<p>Pro v\u00edce informac\u00ed p\u0159ejd\u011bte na web <a href=\"http:\/\/www.osmickasobe.cz\">Osmi\u010dka sob\u011b<\/a>.<\/p>\n<p>&nbsp;<\/p>\n","protected":false},"excerpt":{"rendered":"<p>V jednot\u011b je s\u00edla a my Zelen\u00ed se zvl\u00e1\u0161t\u011b na komun\u00e1ln\u00ed \u00farovni um\u00edme dohodnout s uskupen\u00edmi, kter\u00e9 se na rozvoj m\u011bsta d\u00edvaj\u00ed podobn\u011b. Na Praze 8 je to mimo jin\u00e9 KDU-\u010cSL, se kter\u00fdm zde kandidujeme pod n\u00e1zvem Osmi\u010dka sob\u011b. L\u00eddrem kandid\u00e1tky Osmi\u010dka sob\u011b je n\u00e1\u0161 sou\u010dasn\u00fd m\u00edstostarosta Petr Vilgus a je n\u00e1sledov\u00e1n Tom\u00e1\u0161em Pavl\u016f, Zuzanou &hellip; <a href=\"https:\/\/www.osmickasobe.cz\/index.php\/2018\/09\/14\/v-komunalnich-volbach-v-roce-2018-kandiduji-zeleni-na-praze-8-pod-kandidatkou-osmicka-sobe\/\" class=\"more-link\">Pokra\u010dov\u00e1n\u00ed textu <span class=\"screen-reader-text\">V komun\u00e1ln\u00edch volb\u00e1ch v roce 2018 kandiduj\u00ed Zelen\u00ed na Praze 8 pod kandid\u00e1tkou Osmi\u010dka sob\u011b<\/span><\/a><\/p>\n","protected":false},"author":1,"featured_media":2467,"comment_status":"open","ping_status":"open","sticky":false,"template":"","format":"standard","meta":[],"categories":[7,12],"tags":[],"uagb_featured_image_src":{"full":["https:\/\/www.osmickasobe.cz\/wp-content\/uploads\/2018\/09\/image-3.png",460,345,false],"thumbnail":["https:\/\/www.osmickasobe.cz\/wp-content\/uploads\/2018\/09\/image-3-150x150.png",150,150,true],"medium":["https:\/\/www.osmickasobe.cz\/wp-content\/uploads\/2018\/09\/image-3-300x225.png",300,225,true],"medium_large":["https:\/\/www.osmickasobe.cz\/wp-content\/uploads\/2018\/09\/image-3.png",460,345,false],"large":["https:\/\/www.osmickasobe.cz\/wp-content\/uploads\/2018\/09\/image-3.png",460,345,false],"1536x1536":["https:\/\/www.osmickasobe.cz\/wp-content\/uploads\/2018\/09\/image-3.png",460,345,false],"2048x2048":["https:\/\/www.osmickasobe.cz\/wp-content\/uploads\/2018\/09\/image-3.png",460,345,false],"post-thumbnail":["https:\/\/www.osmickasobe.cz\/wp-content\/uploads\/2018\/09\/image-3.png",460,345,false]},"uagb_author_info":{"display_name":"osmickasob","author_link":"https:\/\/www.osmickasobe.cz\/index.php\/author\/osmickasob\/"},"uagb_comment_info":92,"uagb_excerpt":"V jednot\u011b je s\u00edla a my Zelen\u00ed se zvl\u00e1\u0161t\u011b na komun\u00e1ln\u00ed \u00farovni um\u00edme dohodnout s uskupen\u00edmi, kter\u00e9 se na rozvoj m\u011bsta d\u00edvaj\u00ed podobn\u011b. Na Praze 8 je to mimo jin\u00e9 KDU-\u010cSL, se kter\u00fdm zde kandidujeme pod n\u00e1zvem Osmi\u010dka sob\u011b. L\u00eddrem kandid\u00e1tky Osmi\u010dka sob\u011b je n\u00e1\u0161 sou\u010dasn\u00fd m\u00edstostarosta Petr Vilgus a je n\u00e1sledov\u00e1n Tom\u00e1\u0161em Pavl\u016f, Zuzanou&hellip;","_links":{"self":[{"href":"https:\/\/www.osmickasobe.cz\/index.php\/wp-json\/wp\/v2\/posts\/2449"}],"collection":[{"href":"https:\/\/www.osmickasobe.cz\/index.php\/wp-json\/wp\/v2\/posts"}],"about":[{"href":"https:\/\/www.osmickasobe.cz\/index.php\/wp-json\/wp\/v2\/types\/post"}],"author":[{"embeddable":true,"href":"https:\/\/www.osmickasobe.cz\/index.php\/wp-json\/wp\/v2\/users\/1"}],"replies":[{"embeddable":true,"href":"https:\/\/www.osmickasobe.cz\/index.php\/wp-json\/wp\/v2\/comments?post=2449"}],"version-history":[{"count":1,"href":"https:\/\/www.osmickasobe.cz\/index.php\/wp-json\/wp\/v2\/posts\/2449\/revisions"}],"predecessor-version":[{"id":2478,"href":"https:\/\/www.osmickasobe.cz\/index.php\/wp-json\/wp\/v2\/posts\/2449\/revisions\/2478"}],"wp:featuredmedia":[{"embeddable":true,"href":"https:\/\/www.osmickasobe.cz\/index.php\/wp-json\/wp\/v2\/media\/2467"}],"wp:attachment":[{"href":"https:\/\/www.osmickasobe.cz\/index.php\/wp-json\/wp\/v2\/media?parent=2449"}],"wp:term":[{"taxonomy":"category","embeddable":true,"href":"https:\/\/www.osmickasobe.cz\/index.php\/wp-json\/wp\/v2\/categories?post=2449"},{"taxonomy":"post_tag","embeddable":true,"href":"https:\/\/www.osmickasobe.cz\/index.php\/wp-json\/wp\/v2\/tags?post=2449"}],"curies":[{"name":"wp","href":"https:\/\/api.w.org\/{rel}","templated":true}]}}