{"id":2457,"date":"2018-09-08T15:52:05","date_gmt":"2018-09-08T15:52:05","guid":{"rendered":"http:\/\/www.osmickasobe.cz\/?p=2457"},"modified":"2018-09-30T15:53:38","modified_gmt":"2018-09-30T15:53:38","slug":"jak-resit-bezdomovectvi-v-praze","status":"publish","type":"post","link":"https:\/\/www.osmickasobe.cz\/index.php\/2018\/09\/08\/jak-resit-bezdomovectvi-v-praze\/","title":{"rendered":"Jak \u0159e\u0161it bezdomovectv\u00ed v Praze"},"content":{"rendered":"<div class=\"perex\">Pro z\u00e1\u0159ijov\u00e9 \u010d\u00edslo \u010dasopisu Osmi\u010dka jsme p\u0159ipravili ot\u00e1zku: \u201e<strong>Jak m\u016f\u017ee M\u010c napomoci \u0159e\u0161en\u00ed bezdomovectv\u00ed v\u00a0ulic\u00edch Prahy 8?\u201c\u00a0<\/strong>Odpov\u011b\u010f napsal zastupitel Tom\u00e1\u0161 Pavl\u016f a \u010dl\u00e1nku dal n\u00e1zev\u00a0<strong>Regulovat i pom\u00e1hat<\/strong>.<\/div>\n<div class=\"main-text-itself\">\n<div>Podle odhadu Ministerstva pr\u00e1ce a soci\u00e1ln\u00edch v\u011bc\u00ed z\u00a0roku 2016 \u017eije v\u00a0Praze p\u0159ibli\u017en\u011b 10\u00a0000 bezdomovc\u016f. Potk\u00e1v\u00e1me je na ulic\u00edch a zast\u00e1vk\u00e1ch MHD, jsme sv\u011bdky toho, jak\u00fd po sob\u011b nech\u00e1vaj\u00ed \u201epo\u0159\u00e1dek\u201c, v\u0161ichni vid\u00edme, \u017ee bezdomovectv\u00ed je velk\u00fdm soci\u00e1ln\u00edm probl\u00e9mem, ale jeho \u0159e\u0161en\u00ed je v nedohlednu.<\/p>\n<p>P\u0159itom bezdomovectv\u00ed by se m\u011blo \u0159e\u0161it na v\u0161ech \u00farovn\u00edch: st\u00e1tn\u00ed, magistr\u00e1tn\u00ed i obecn\u00ed. Existuje <em>Koncepce prevence a \u0159e\u0161en\u00ed problematiky bezdomovectv\u00ed v\u00a0\u010cR do roku 2020<\/em>. V\u00a0roce 2008 t\u00e9m\u011b\u0159 50 bezdomovc\u016f z\u00edskalo pr\u00e1ci d\u00edky projektu pra\u017esk\u00e9ho magistr\u00e1tu. V\u00a0Praze 9 existuje ji\u017e n\u011bkolik let projekt, kdy m\u011bstsk\u00e1 \u010d\u00e1st pronaj\u00edm\u00e1 bezdomovc\u016fm na odlehl\u00fdch m\u00edstech obvodu bu\u0148ky a oni se staraj\u00ed o po\u0159\u00e1dek v\u00a0okol\u00ed a zabra\u0148uj\u00ed divok\u00fdm skl\u00e1dk\u00e1m. N\u00e1jemci na dan\u00e9m m\u00edst\u011b pln\u00ed zadan\u00e9 pracovn\u00ed \u00fakoly. Zd\u00e1 se, \u017ee tento projekt je \u00fasp\u011b\u0161n\u00fd. Dal\u0161\u00edm \u00fasp\u011b\u0161n\u00fdm projektem je tzv. housingfirst,- p\u0159edev\u0161\u00edm bydlen\u00ed, kter\u00fd byl poprv\u00e9 vyzkou\u0161en v\u00a0Los Angeles v\u00a0roce 1988 a v \u010cR se uskute\u010d\u0148uje v\u00a0Brn\u011b.<\/p>\n<p>V\u011bt\u0161\u00ed prost\u0159edky k \u0159e\u0161en\u00ed bezdomovectv\u00ed m\u00e1 st\u00e1t a magistr\u00e1t, ale i m\u011bstsk\u00e1 \u010d\u00e1st se m\u016f\u017ee zapojit v\u00a0prevenci a regulaci. M\u010c m\u00e1 po M\u011bstsk\u00e9 policii po\u017eadovat, aby trvala na dodr\u017eov\u00e1n\u00ed vyhl\u00e1\u0161ky z\u00e1kazu pit\u00ed alkoholu na ve\u0159ejn\u00fdch prostranstv\u00edch v\u00a0Praze 8, stejn\u011b tak m\u016f\u017ee M\u010c i pom\u00e1hat osv\u011bd\u010den\u00fdmi zm\u00edn\u011bn\u00fdmi projekty. V\u00e1\u017een\u00ed \u010dten\u00e1\u0159i, pokud po\u00a0p\u0159\u00ed\u0161t\u00edch volb\u00e1ch zasedneme v\u00a0Rad\u011b M\u010c, budeme probl\u00e9m bezdomovectv\u00ed \u0159e\u0161it a m\u011bstsk\u00e9 policii jej\u00ed povinnost p\u0159ipom\u00ednat.<\/p>\n<p>Mgr. Tom\u00e1\u0161 Pavl\u016f, zastupitel M\u010c<\/p><\/div>\n<\/div>\n","protected":false},"excerpt":{"rendered":"<p>Pro z\u00e1\u0159ijov\u00e9 \u010d\u00edslo \u010dasopisu Osmi\u010dka jsme p\u0159ipravili ot\u00e1zku: \u201eJak m\u016f\u017ee M\u010c napomoci \u0159e\u0161en\u00ed bezdomovectv\u00ed v\u00a0ulic\u00edch Prahy 8?\u201c\u00a0Odpov\u011b\u010f napsal zastupitel Tom\u00e1\u0161 Pavl\u016f a \u010dl\u00e1nku dal n\u00e1zev\u00a0Regulovat i pom\u00e1hat. Podle odhadu Ministerstva pr\u00e1ce a soci\u00e1ln\u00edch v\u011bc\u00ed z\u00a0roku 2016 \u017eije v\u00a0Praze p\u0159ibli\u017en\u011b 10\u00a0000 bezdomovc\u016f. Potk\u00e1v\u00e1me je na ulic\u00edch a zast\u00e1vk\u00e1ch MHD, jsme sv\u011bdky toho, jak\u00fd po sob\u011b nech\u00e1vaj\u00ed &hellip; <a href=\"https:\/\/www.osmickasobe.cz\/index.php\/2018\/09\/08\/jak-resit-bezdomovectvi-v-praze\/\" class=\"more-link\">Pokra\u010dov\u00e1n\u00ed textu <span class=\"screen-reader-text\">Jak \u0159e\u0161it bezdomovectv\u00ed v Praze<\/span><\/a><\/p>\n","protected":false},"author":2,"featured_media":2458,"comment_status":"open","ping_status":"open","sticky":false,"template":"","format":"standard","meta":[],"categories":[1],"tags":[],"uagb_featured_image_src":{"full":["https:\/\/www.osmickasobe.cz\/wp-content\/uploads\/2018\/09\/image.png",460,259,false],"thumbnail":["https:\/\/www.osmickasobe.cz\/wp-content\/uploads\/2018\/09\/image-150x150.png",150,150,true],"medium":["https:\/\/www.osmickasobe.cz\/wp-content\/uploads\/2018\/09\/image-300x169.png",300,169,true],"medium_large":["https:\/\/www.osmickasobe.cz\/wp-content\/uploads\/2018\/09\/image.png",460,259,false],"large":["https:\/\/www.osmickasobe.cz\/wp-content\/uploads\/2018\/09\/image.png",460,259,false],"1536x1536":["https:\/\/www.osmickasobe.cz\/wp-content\/uploads\/2018\/09\/image.png",460,259,false],"2048x2048":["https:\/\/www.osmickasobe.cz\/wp-content\/uploads\/2018\/09\/image.png",460,259,false],"post-thumbnail":["https:\/\/www.osmickasobe.cz\/wp-content\/uploads\/2018\/09\/image.png",460,259,false]},"uagb_author_info":{"display_name":"Stepan Klimes","author_link":"https:\/\/www.osmickasobe.cz\/index.php\/author\/stepan\/"},"uagb_comment_info":34,"uagb_excerpt":"Pro z\u00e1\u0159ijov\u00e9 \u010d\u00edslo \u010dasopisu Osmi\u010dka jsme p\u0159ipravili ot\u00e1zku: \u201eJak m\u016f\u017ee M\u010c napomoci \u0159e\u0161en\u00ed bezdomovectv\u00ed v\u00a0ulic\u00edch Prahy 8?\u201c\u00a0Odpov\u011b\u010f napsal zastupitel Tom\u00e1\u0161 Pavl\u016f a \u010dl\u00e1nku dal n\u00e1zev\u00a0Regulovat i pom\u00e1hat. Podle odhadu Ministerstva pr\u00e1ce a soci\u00e1ln\u00edch v\u011bc\u00ed z\u00a0roku 2016 \u017eije v\u00a0Praze p\u0159ibli\u017en\u011b 10\u00a0000 bezdomovc\u016f. Potk\u00e1v\u00e1me je na ulic\u00edch a zast\u00e1vk\u00e1ch MHD, jsme sv\u011bdky toho, jak\u00fd po sob\u011b nech\u00e1vaj\u00ed&hellip;","_links":{"self":[{"href":"https:\/\/www.osmickasobe.cz\/index.php\/wp-json\/wp\/v2\/posts\/2457"}],"collection":[{"href":"https:\/\/www.osmickasobe.cz\/index.php\/wp-json\/wp\/v2\/posts"}],"about":[{"href":"https:\/\/www.osmickasobe.cz\/index.php\/wp-json\/wp\/v2\/types\/post"}],"author":[{"embeddable":true,"href":"https:\/\/www.osmickasobe.cz\/index.php\/wp-json\/wp\/v2\/users\/2"}],"replies":[{"embeddable":true,"href":"https:\/\/www.osmickasobe.cz\/index.php\/wp-json\/wp\/v2\/comments?post=2457"}],"version-history":[{"count":1,"href":"https:\/\/www.osmickasobe.cz\/index.php\/wp-json\/wp\/v2\/posts\/2457\/revisions"}],"predecessor-version":[{"id":2459,"href":"https:\/\/www.osmickasobe.cz\/index.php\/wp-json\/wp\/v2\/posts\/2457\/revisions\/2459"}],"wp:featuredmedia":[{"embeddable":true,"href":"https:\/\/www.osmickasobe.cz\/index.php\/wp-json\/wp\/v2\/media\/2458"}],"wp:attachment":[{"href":"https:\/\/www.osmickasobe.cz\/index.php\/wp-json\/wp\/v2\/media?parent=2457"}],"wp:term":[{"taxonomy":"category","embeddable":true,"href":"https:\/\/www.osmickasobe.cz\/index.php\/wp-json\/wp\/v2\/categories?post=2457"},{"taxonomy":"post_tag","embeddable":true,"href":"https:\/\/www.osmickasobe.cz\/index.php\/wp-json\/wp\/v2\/tags?post=2457"}],"curies":[{"name":"wp","href":"https:\/\/api.w.org\/{rel}","templated":true}]}}