{"id":2460,"date":"2018-08-18T15:54:29","date_gmt":"2018-08-18T15:54:29","guid":{"rendered":"http:\/\/www.osmickasobe.cz\/?p=2460"},"modified":"2018-09-30T15:55:28","modified_gmt":"2018-09-30T15:55:28","slug":"ve-prospech-lidi","status":"publish","type":"post","link":"https:\/\/www.osmickasobe.cz\/index.php\/2018\/08\/18\/ve-prospech-lidi\/","title":{"rendered":"Ve prosp\u011bch lid\u00ed"},"content":{"rendered":"<div class=\"perex\"><strong>&#8222;M\u00e1 radnice usilovat o o\u017eivov\u00e1n\u00ed pr\u00e1zdn\u00fdch dom\u016f? A jak\u00fdmi zp\u016fsoby?&#8220; Na ot\u00e1zku v Osmi\u010dce 2018\/8 odpov\u00edd\u00e1 pan Hayato Okamura kandid\u00e1t do Sen\u00e1tu v Praze 8.<\/strong><\/p>\n<\/div>\n<div class=\"main-text-itself\">\n<div>Jako kandid\u00e1t do Sen\u00e1tu v\u00a0Praze 8 (a okol\u00ed) jsem hluboce p\u0159esv\u011bd\u010den\u00fd, \u017ee ka\u017ed\u00fd \u010dlov\u011bk m\u00e1 pr\u00e1vo na lidsky d\u016fstojn\u00e9 z\u00e1kladn\u00ed podm\u00ednky k\u00a0\u017eivotu \u2013 v\u010detn\u011b p\u0159im\u011b\u0159en\u00e9ho bydlen\u00ed. Spole\u010dnost, kde musej\u00ed n\u011bkte\u0159\u00ed jej\u00ed \u010dlenov\u00e9, co se t\u00fd\u010de podm\u00ednek bydlen\u00ed, \u017eivo\u0159it, nen\u00ed v\u00a0po\u0159\u00e1dku a spravedliv\u00e1. \u00dakolem politiky \u2013 i t\u00e9 lok\u00e1ln\u00ed, komun\u00e1ln\u00ed \u2013 je sv\u00fdm ob\u010dan\u016fm probl\u00e9m bydlen\u00ed pokud mo\u017eno odleh\u010dit. Vy\u017eaduje to od m\u00edstn\u00edch politik\u016f opravdov\u00fd, \u017eiv\u00fd a vytrval\u00fd z\u00e1jem o \u017eivotn\u00ed podm\u00ednky sv\u00fdch spoluob\u010dan\u016f. Je t\u0159eba prolomit lhostejnost, p\u0159ekonat nedostatek v\u016fle k\u00a0dotahov\u00e1n\u00ed re\u00e1ln\u00fdch \u0159e\u0161en\u00ed probl\u00e9m\u016f, kter\u00e9 ob\u010dany v\u00a0na\u0161em obvod\u011b denn\u011b tr\u00e1p\u00ed.<\/div>\n<div>Kdy\u017e z\u016fst\u00e1vaj\u00ed domy, objekty v\u00a0na\u0161ich \u010dtvrt\u00edch dlouhodob\u011b pr\u00e1zdn\u00e9 a jenom bez u\u017eitku le\u017e\u00ed ladem \u2013 je to \u0161patn\u011b. A samoz\u0159ejm\u011b je pak povinnost\u00ed sv\u011bdomit\u00fdch politik\u016f usilovat o co mo\u017en\u00e1 rychlou zm\u011bnu k\u00a0lep\u0161\u00edmu. Radnice by m\u011bla aktivn\u011b mapovat ,,pr\u00e1zdn\u00e9 domy\u201c v\u00a0na\u0161em obvod\u011b. A iniciovat pak jedn\u00e1n\u00ed s\u00a0majiteli, kter\u00e1 by co nejrychleji vedla k p\u0159im\u011b\u0159en\u00e9mu vyu\u017eit\u00ed p\u0159\u00edslu\u0161n\u00fdch objekt\u016f \u2013 a\u0165 u\u017e k\u00a0bydlen\u00ed, nebo k\u00a0jin\u00e9mu vhodn\u00e9mu \u00fa\u010delu. M\u016f\u017ee p\u0159itom j\u00edt o vyu\u017eit\u00ed jak dlouhodob\u00e9, tak t\u0159eba i kr\u00e1tkodob\u00e9, ,,provizorn\u00ed\u201c, ne\u017e se nalezne trvalej\u0161\u00ed v\u00fdchodisko. Dobr\u00fdm p\u0159\u00edkladem takov\u00e9ho alespo\u0148 ,,prozat\u00edmn\u00edho \u0159e\u0161en\u00ed\u201c z\u00a0na\u0161\u00ed sou\u010dasnosti je, mysl\u00edm, vyu\u017eit\u00ed velk\u00e9ho objektu Karl\u00ednsk\u00fdch kas\u00e1ren jako zaj\u00edmav\u00e9ho prostoru pro \u0161irokou ve\u0159ejnost s\u00a0kav\u00e1rnou a letn\u00edm kinem.<\/div>\n<\/div>\n","protected":false},"excerpt":{"rendered":"<p>&#8222;M\u00e1 radnice usilovat o o\u017eivov\u00e1n\u00ed pr\u00e1zdn\u00fdch dom\u016f? A jak\u00fdmi zp\u016fsoby?&#8220; Na ot\u00e1zku v Osmi\u010dce 2018\/8 odpov\u00edd\u00e1 pan Hayato Okamura kandid\u00e1t do Sen\u00e1tu v Praze 8. Jako kandid\u00e1t do Sen\u00e1tu v\u00a0Praze 8 (a okol\u00ed) jsem hluboce p\u0159esv\u011bd\u010den\u00fd, \u017ee ka\u017ed\u00fd \u010dlov\u011bk m\u00e1 pr\u00e1vo na lidsky d\u016fstojn\u00e9 z\u00e1kladn\u00ed podm\u00ednky k\u00a0\u017eivotu \u2013 v\u010detn\u011b p\u0159im\u011b\u0159en\u00e9ho bydlen\u00ed. Spole\u010dnost, kde musej\u00ed n\u011bkte\u0159\u00ed &hellip; <a href=\"https:\/\/www.osmickasobe.cz\/index.php\/2018\/08\/18\/ve-prospech-lidi\/\" class=\"more-link\">Pokra\u010dov\u00e1n\u00ed textu <span class=\"screen-reader-text\">Ve prosp\u011bch lid\u00ed<\/span><\/a><\/p>\n","protected":false},"author":2,"featured_media":2461,"comment_status":"open","ping_status":"open","sticky":false,"template":"","format":"standard","meta":[],"categories":[1],"tags":[],"uagb_featured_image_src":{"full":["https:\/\/www.osmickasobe.cz\/wp-content\/uploads\/2018\/09\/image-1.png",460,654,false],"thumbnail":["https:\/\/www.osmickasobe.cz\/wp-content\/uploads\/2018\/09\/image-1-150x150.png",150,150,true],"medium":["https:\/\/www.osmickasobe.cz\/wp-content\/uploads\/2018\/09\/image-1-211x300.png",211,300,true],"medium_large":["https:\/\/www.osmickasobe.cz\/wp-content\/uploads\/2018\/09\/image-1.png",460,654,false],"large":["https:\/\/www.osmickasobe.cz\/wp-content\/uploads\/2018\/09\/image-1.png",460,654,false],"1536x1536":["https:\/\/www.osmickasobe.cz\/wp-content\/uploads\/2018\/09\/image-1.png",460,654,false],"2048x2048":["https:\/\/www.osmickasobe.cz\/wp-content\/uploads\/2018\/09\/image-1.png",460,654,false],"post-thumbnail":["https:\/\/www.osmickasobe.cz\/wp-content\/uploads\/2018\/09\/image-1-460x510.png",460,510,true]},"uagb_author_info":{"display_name":"Stepan Klimes","author_link":"https:\/\/www.osmickasobe.cz\/index.php\/author\/stepan\/"},"uagb_comment_info":13,"uagb_excerpt":"&#8222;M\u00e1 radnice usilovat o o\u017eivov\u00e1n\u00ed pr\u00e1zdn\u00fdch dom\u016f? A jak\u00fdmi zp\u016fsoby?&#8220; Na ot\u00e1zku v Osmi\u010dce 2018\/8 odpov\u00edd\u00e1 pan Hayato Okamura kandid\u00e1t do Sen\u00e1tu v Praze 8. Jako kandid\u00e1t do Sen\u00e1tu v\u00a0Praze 8 (a okol\u00ed) jsem hluboce p\u0159esv\u011bd\u010den\u00fd, \u017ee ka\u017ed\u00fd \u010dlov\u011bk m\u00e1 pr\u00e1vo na lidsky d\u016fstojn\u00e9 z\u00e1kladn\u00ed podm\u00ednky k\u00a0\u017eivotu \u2013 v\u010detn\u011b p\u0159im\u011b\u0159en\u00e9ho bydlen\u00ed. Spole\u010dnost, kde musej\u00ed n\u011bkte\u0159\u00ed&hellip;","_links":{"self":[{"href":"https:\/\/www.osmickasobe.cz\/index.php\/wp-json\/wp\/v2\/posts\/2460"}],"collection":[{"href":"https:\/\/www.osmickasobe.cz\/index.php\/wp-json\/wp\/v2\/posts"}],"about":[{"href":"https:\/\/www.osmickasobe.cz\/index.php\/wp-json\/wp\/v2\/types\/post"}],"author":[{"embeddable":true,"href":"https:\/\/www.osmickasobe.cz\/index.php\/wp-json\/wp\/v2\/users\/2"}],"replies":[{"embeddable":true,"href":"https:\/\/www.osmickasobe.cz\/index.php\/wp-json\/wp\/v2\/comments?post=2460"}],"version-history":[{"count":1,"href":"https:\/\/www.osmickasobe.cz\/index.php\/wp-json\/wp\/v2\/posts\/2460\/revisions"}],"predecessor-version":[{"id":2462,"href":"https:\/\/www.osmickasobe.cz\/index.php\/wp-json\/wp\/v2\/posts\/2460\/revisions\/2462"}],"wp:featuredmedia":[{"embeddable":true,"href":"https:\/\/www.osmickasobe.cz\/index.php\/wp-json\/wp\/v2\/media\/2461"}],"wp:attachment":[{"href":"https:\/\/www.osmickasobe.cz\/index.php\/wp-json\/wp\/v2\/media?parent=2460"}],"wp:term":[{"taxonomy":"category","embeddable":true,"href":"https:\/\/www.osmickasobe.cz\/index.php\/wp-json\/wp\/v2\/categories?post=2460"},{"taxonomy":"post_tag","embeddable":true,"href":"https:\/\/www.osmickasobe.cz\/index.php\/wp-json\/wp\/v2\/tags?post=2460"}],"curies":[{"name":"wp","href":"https:\/\/api.w.org\/{rel}","templated":true}]}}