{"id":2463,"date":"2018-07-30T15:55:39","date_gmt":"2018-07-30T15:55:39","guid":{"rendered":"http:\/\/www.osmickasobe.cz\/?p=2463"},"modified":"2018-09-30T15:56:26","modified_gmt":"2018-09-30T15:56:26","slug":"porad-expres-prahy-8-je-nadbytecny","status":"publish","type":"post","link":"https:\/\/www.osmickasobe.cz\/index.php\/2018\/07\/30\/porad-expres-prahy-8-je-nadbytecny\/","title":{"rendered":"Po\u0159ad Expres Prahy 8 je nadbyte\u010dn\u00fd"},"content":{"rendered":"<div class=\"perex\">V \u010dervencov\u00e9m \u010d\u00edsle \u010dasopisu Osmi\u010dka odpov\u00edd\u00e1 na ot\u00e1zku \u010dlen KDU-\u010cSL Jakub Schejbal. Ot\u00e1zk\u00e1 zn\u00ed: M\u011bla by Praha 8 d\u00e1l platit spole\u010dnosti Praha TV, s.r.o. za jej\u00ed zpravodajstv\u00ed?<\/div>\n<div class=\"main-text-itself\">\n<div>Ur\u010dit\u011b ne. Po\u0159ad \u201eExpres Prahy 8\u201c na Praha TV je nadbyte\u010dn\u00fd. Co m\u011b zarazilo je to, \u017ee v relac\u00edch, dle m\u00e9ho, hovo\u0159\u00ed a objevuj\u00ed se pouze pan starosta a radn\u00ed za ANO a \u010cSSD. Tato skute\u010dnost vzbuzuje v\u00e1\u017en\u00e9 podez\u0159en\u00ed, \u017ee se jedn\u00e1 o PR kan\u00e1ly vybran\u00fdch stran placen\u00e9 z obecn\u00edch prost\u0159edk\u016f. Nepoda\u0159ilo se mi dohledat, kdo relace vyb\u00edr\u00e1, jak\u00e9 m\u00e1 televize zad\u00e1n\u00ed a kdo ur\u010duje osoby, kter\u00e9 zde hovo\u0159\u00ed. Pokud maj\u00ed prostor pouze uveden\u00e9 strany, je to netransparentn\u00ed a po\u0161kozuje to f\u00e9rovou sout\u011b\u017e v\u0161ech stran. \u0158ady inzerovan\u00fdch akc\u00ed se \u00fa\u010dastnili zastupitel\u00e9 i z jin\u00fdch stran. Pokud opravdu jde o PR , tak by to strany m\u011bly p\u0159iznat a po\u0159ady platit ze sv\u00fdch rozpo\u010dt\u016f. Ji\u017e jen jako okrajov\u00fd probl\u00e9m vn\u00edm\u00e1m, \u017ee jde o televizn\u00ed kan\u00e1l, kter\u00fd je sice dostupn\u00fd na \u00fazem\u00ed Prahy 8, nicm\u00e9n\u011b m\u00e1lokdo dle m\u00e9ho v\u00ed, \u017ee ho v\u016fbec existuje. Za v\u00fd\u0161e uveden\u00fdch okolnost\u00ed mi p\u0159ijde cena za po\u0159ady (za rok 2017 cca 280.000 K\u010d v\u010d. DPH) vynalo\u017een\u00e1 zbyte\u010dn\u011b a netransparentn\u011b. Po shl\u00e9dnut\u00ed v\u011bt\u0161iny relac\u00ed jsem nav\u00edc do\u0161el k\u00a0z\u00e1v\u011bru, \u017ee se zde objevuj\u00ed \u010dasto informace o akc\u00edch, o kter\u00fdch se p\u00ed\u0161e i v\u00a0Osmi\u010dce. Odpov\u00edd\u00e1 tomu i periodicita obou komunika\u010dn\u00edch kan\u00e1l\u016f \u2013 v\u00a0obou p\u0159\u00edpadech jde o m\u011bs\u00ed\u010dn\u00edky.<\/p>\n<p><em><strong>Jakub Schejbal, \u010dlen KDU-\u010cSL<\/strong><\/em><\/div>\n<\/div>\n","protected":false},"excerpt":{"rendered":"<p>V \u010dervencov\u00e9m \u010d\u00edsle \u010dasopisu Osmi\u010dka odpov\u00edd\u00e1 na ot\u00e1zku \u010dlen KDU-\u010cSL Jakub Schejbal. Ot\u00e1zk\u00e1 zn\u00ed: M\u011bla by Praha 8 d\u00e1l platit spole\u010dnosti Praha TV, s.r.o. za jej\u00ed zpravodajstv\u00ed? Ur\u010dit\u011b ne. Po\u0159ad \u201eExpres Prahy 8\u201c na Praha TV je nadbyte\u010dn\u00fd. Co m\u011b zarazilo je to, \u017ee v relac\u00edch, dle m\u00e9ho, hovo\u0159\u00ed a objevuj\u00ed se pouze pan starosta &hellip; <a href=\"https:\/\/www.osmickasobe.cz\/index.php\/2018\/07\/30\/porad-expres-prahy-8-je-nadbytecny\/\" class=\"more-link\">Pokra\u010dov\u00e1n\u00ed textu <span class=\"screen-reader-text\">Po\u0159ad Expres Prahy 8 je nadbyte\u010dn\u00fd<\/span><\/a><\/p>\n","protected":false},"author":2,"featured_media":2464,"comment_status":"open","ping_status":"open","sticky":false,"template":"","format":"standard","meta":[],"categories":[1],"tags":[],"uagb_featured_image_src":{"full":["https:\/\/www.osmickasobe.cz\/wp-content\/uploads\/2018\/09\/image-2.png",460,511,false],"thumbnail":["https:\/\/www.osmickasobe.cz\/wp-content\/uploads\/2018\/09\/image-2-150x150.png",150,150,true],"medium":["https:\/\/www.osmickasobe.cz\/wp-content\/uploads\/2018\/09\/image-2-270x300.png",270,300,true],"medium_large":["https:\/\/www.osmickasobe.cz\/wp-content\/uploads\/2018\/09\/image-2.png",460,511,false],"large":["https:\/\/www.osmickasobe.cz\/wp-content\/uploads\/2018\/09\/image-2.png",460,511,false],"1536x1536":["https:\/\/www.osmickasobe.cz\/wp-content\/uploads\/2018\/09\/image-2.png",460,511,false],"2048x2048":["https:\/\/www.osmickasobe.cz\/wp-content\/uploads\/2018\/09\/image-2.png",460,511,false],"post-thumbnail":["https:\/\/www.osmickasobe.cz\/wp-content\/uploads\/2018\/09\/image-2-460x510.png",460,510,true]},"uagb_author_info":{"display_name":"Stepan Klimes","author_link":"https:\/\/www.osmickasobe.cz\/index.php\/author\/stepan\/"},"uagb_comment_info":9,"uagb_excerpt":"V \u010dervencov\u00e9m \u010d\u00edsle \u010dasopisu Osmi\u010dka odpov\u00edd\u00e1 na ot\u00e1zku \u010dlen KDU-\u010cSL Jakub Schejbal. Ot\u00e1zk\u00e1 zn\u00ed: M\u011bla by Praha 8 d\u00e1l platit spole\u010dnosti Praha TV, s.r.o. za jej\u00ed zpravodajstv\u00ed? Ur\u010dit\u011b ne. Po\u0159ad \u201eExpres Prahy 8\u201c na Praha TV je nadbyte\u010dn\u00fd. Co m\u011b zarazilo je to, \u017ee v relac\u00edch, dle m\u00e9ho, hovo\u0159\u00ed a objevuj\u00ed se pouze pan starosta&hellip;","_links":{"self":[{"href":"https:\/\/www.osmickasobe.cz\/index.php\/wp-json\/wp\/v2\/posts\/2463"}],"collection":[{"href":"https:\/\/www.osmickasobe.cz\/index.php\/wp-json\/wp\/v2\/posts"}],"about":[{"href":"https:\/\/www.osmickasobe.cz\/index.php\/wp-json\/wp\/v2\/types\/post"}],"author":[{"embeddable":true,"href":"https:\/\/www.osmickasobe.cz\/index.php\/wp-json\/wp\/v2\/users\/2"}],"replies":[{"embeddable":true,"href":"https:\/\/www.osmickasobe.cz\/index.php\/wp-json\/wp\/v2\/comments?post=2463"}],"version-history":[{"count":1,"href":"https:\/\/www.osmickasobe.cz\/index.php\/wp-json\/wp\/v2\/posts\/2463\/revisions"}],"predecessor-version":[{"id":2465,"href":"https:\/\/www.osmickasobe.cz\/index.php\/wp-json\/wp\/v2\/posts\/2463\/revisions\/2465"}],"wp:featuredmedia":[{"embeddable":true,"href":"https:\/\/www.osmickasobe.cz\/index.php\/wp-json\/wp\/v2\/media\/2464"}],"wp:attachment":[{"href":"https:\/\/www.osmickasobe.cz\/index.php\/wp-json\/wp\/v2\/media?parent=2463"}],"wp:term":[{"taxonomy":"category","embeddable":true,"href":"https:\/\/www.osmickasobe.cz\/index.php\/wp-json\/wp\/v2\/categories?post=2463"},{"taxonomy":"post_tag","embeddable":true,"href":"https:\/\/www.osmickasobe.cz\/index.php\/wp-json\/wp\/v2\/tags?post=2463"}],"curies":[{"name":"wp","href":"https:\/\/api.w.org\/{rel}","templated":true}]}}