{"id":2469,"date":"2018-06-08T15:57:33","date_gmt":"2018-06-08T15:57:33","guid":{"rendered":"http:\/\/www.osmickasobe.cz\/?p=2469"},"modified":"2018-09-30T15:58:19","modified_gmt":"2018-09-30T15:58:19","slug":"podporujeme-dostupne-bydleni","status":"publish","type":"post","link":"https:\/\/www.osmickasobe.cz\/index.php\/2018\/06\/08\/podporujeme-dostupne-bydleni\/","title":{"rendered":"Podporujeme dostupn\u00e9 bydlen\u00ed"},"content":{"rendered":"<div class=\"perex\">V \u010dervnov\u00e9m \u010d\u00edsle \u010dasopise Osmi\u010dka odpov\u00edd\u00e1 zastupitel Tom\u00e1\u0161 Pavl\u016f na ot\u00e1zku: M\u011bla by M\u010c Praha 8 iniciovat v\u00fdstavba n\u00e1jemn\u00edch byt\u016f?<\/div>\n<div class=\"main-text-itself\">\n<div>M\u010c Praha 8 v ned\u00e1vn\u00e9 historii prodala v\u011bt\u0161inu obecn\u00edch byt\u016f, v sou\u010dasn\u00e9 dob\u011b vlastn\u00ed cca 1 100 obecn\u00edch byt\u016f. Pt\u00e1t se, zda by obec m\u011bla iniciovat v\u00fdstavbu obecn\u00edch byt\u016f, se tak m\u016f\u017ee zd\u00e1t zvl\u00e1\u0161tn\u00ed. Situace se v\u0161ak m\u011bn\u00ed.<br \/>\nV posledn\u00edch letech ceny byt\u016f v Praze raketov\u011b vyl\u00e9tly nahoru, vlastn\u00ed bydlen\u00ed je t\u011b\u017eko dostupn\u00e9 i pro lidi s dobr\u00fdmi p\u0159\u00edjmy. Nikde nen\u00ed ps\u00e1no, \u017ee \u010dlov\u011bk mus\u00ed byt vlastnit, ale lid\u00e9 maj\u00ed pr\u00e1vo na d\u016fstojn\u00e9 bydlen\u00ed<em>. <\/em><em>Pr\u00e1vo na bydlen\u00ed je z\u00e1kladn\u00edm lidsk\u00fdm pr\u00e1vem (viz n\u00e1lez pl\u00e9na \u00dastavn\u00edho soudu, publikovan\u00fd pod \u010d.\u00a0<\/em><a href=\"https:\/\/www.epravo.cz\/top\/zakony\/sbirka-zakonu\/nalez-ustavniho-soudu-jmenem-ceske-republiky-1375.html\"><em>231\/2000<\/em><\/a><em>\u00a0Sb.).\u00a0 <\/em><br \/>\nM\u011bstsk\u00e1 \u010d\u00e1st by mohla sv\u00e9 obecn\u00ed byty nab\u00eddnout profes\u00edm, kter\u00e9 pot\u0159ebuje, zejm\u00e9na u\u010ditel\u016fm \u0161kol, kter\u00e9 z\u0159izuje, pracovn\u00edk\u016fm zdravotnick\u00fdch a soci\u00e1ln\u00edch slu\u017eeb a str\u00e1\u017en\u00edk\u016fm apod. Souhlas\u00edme s\u00a0t\u00edm, aby M\u010c Praha 8 iniciovala v\u00fdstavbu obecn\u00edch byt\u016f na vhodn\u00fdch (vlastn\u00edch) pozemc\u00edch za p\u0159edpokladu, \u017ee nedojde k zahu\u0161\u0165ov\u00e1n\u00ed s\u00eddli\u0161\u0165 a projekty budou efektivn\u011b p\u0159ipraveny.<\/p>\n<p><em><strong>Tom\u00e1\u0161 Pavl\u016f<\/strong><\/em><br \/>\n<em><strong>Osmi\u010dka sob\u011b, KDU-\u010cSL a nez\u00e1visl\u00ed<\/strong><\/em><\/div>\n<\/div>\n","protected":false},"excerpt":{"rendered":"<p>V \u010dervnov\u00e9m \u010d\u00edsle \u010dasopise Osmi\u010dka odpov\u00edd\u00e1 zastupitel Tom\u00e1\u0161 Pavl\u016f na ot\u00e1zku: M\u011bla by M\u010c Praha 8 iniciovat v\u00fdstavba n\u00e1jemn\u00edch byt\u016f? M\u010c Praha 8 v ned\u00e1vn\u00e9 historii prodala v\u011bt\u0161inu obecn\u00edch byt\u016f, v sou\u010dasn\u00e9 dob\u011b vlastn\u00ed cca 1 100 obecn\u00edch byt\u016f. Pt\u00e1t se, zda by obec m\u011bla iniciovat v\u00fdstavbu obecn\u00edch byt\u016f, se tak m\u016f\u017ee zd\u00e1t zvl\u00e1\u0161tn\u00ed. Situace &hellip; <a href=\"https:\/\/www.osmickasobe.cz\/index.php\/2018\/06\/08\/podporujeme-dostupne-bydleni\/\" class=\"more-link\">Pokra\u010dov\u00e1n\u00ed textu <span class=\"screen-reader-text\">Podporujeme dostupn\u00e9 bydlen\u00ed<\/span><\/a><\/p>\n","protected":false},"author":2,"featured_media":2470,"comment_status":"open","ping_status":"open","sticky":false,"template":"","format":"standard","meta":[],"categories":[1],"tags":[],"uagb_featured_image_src":{"full":["https:\/\/www.osmickasobe.cz\/wp-content\/uploads\/2018\/09\/image-4.png",460,603,false],"thumbnail":["https:\/\/www.osmickasobe.cz\/wp-content\/uploads\/2018\/09\/image-4-150x150.png",150,150,true],"medium":["https:\/\/www.osmickasobe.cz\/wp-content\/uploads\/2018\/09\/image-4-229x300.png",229,300,true],"medium_large":["https:\/\/www.osmickasobe.cz\/wp-content\/uploads\/2018\/09\/image-4.png",460,603,false],"large":["https:\/\/www.osmickasobe.cz\/wp-content\/uploads\/2018\/09\/image-4.png",460,603,false],"1536x1536":["https:\/\/www.osmickasobe.cz\/wp-content\/uploads\/2018\/09\/image-4.png",460,603,false],"2048x2048":["https:\/\/www.osmickasobe.cz\/wp-content\/uploads\/2018\/09\/image-4.png",460,603,false],"post-thumbnail":["https:\/\/www.osmickasobe.cz\/wp-content\/uploads\/2018\/09\/image-4-460x510.png",460,510,true]},"uagb_author_info":{"display_name":"Stepan Klimes","author_link":"https:\/\/www.osmickasobe.cz\/index.php\/author\/stepan\/"},"uagb_comment_info":11,"uagb_excerpt":"V \u010dervnov\u00e9m \u010d\u00edsle \u010dasopise Osmi\u010dka odpov\u00edd\u00e1 zastupitel Tom\u00e1\u0161 Pavl\u016f na ot\u00e1zku: M\u011bla by M\u010c Praha 8 iniciovat v\u00fdstavba n\u00e1jemn\u00edch byt\u016f? M\u010c Praha 8 v ned\u00e1vn\u00e9 historii prodala v\u011bt\u0161inu obecn\u00edch byt\u016f, v sou\u010dasn\u00e9 dob\u011b vlastn\u00ed cca 1 100 obecn\u00edch byt\u016f. Pt\u00e1t se, zda by obec m\u011bla iniciovat v\u00fdstavbu obecn\u00edch byt\u016f, se tak m\u016f\u017ee zd\u00e1t zvl\u00e1\u0161tn\u00ed. Situace&hellip;","_links":{"self":[{"href":"https:\/\/www.osmickasobe.cz\/index.php\/wp-json\/wp\/v2\/posts\/2469"}],"collection":[{"href":"https:\/\/www.osmickasobe.cz\/index.php\/wp-json\/wp\/v2\/posts"}],"about":[{"href":"https:\/\/www.osmickasobe.cz\/index.php\/wp-json\/wp\/v2\/types\/post"}],"author":[{"embeddable":true,"href":"https:\/\/www.osmickasobe.cz\/index.php\/wp-json\/wp\/v2\/users\/2"}],"replies":[{"embeddable":true,"href":"https:\/\/www.osmickasobe.cz\/index.php\/wp-json\/wp\/v2\/comments?post=2469"}],"version-history":[{"count":1,"href":"https:\/\/www.osmickasobe.cz\/index.php\/wp-json\/wp\/v2\/posts\/2469\/revisions"}],"predecessor-version":[{"id":2471,"href":"https:\/\/www.osmickasobe.cz\/index.php\/wp-json\/wp\/v2\/posts\/2469\/revisions\/2471"}],"wp:featuredmedia":[{"embeddable":true,"href":"https:\/\/www.osmickasobe.cz\/index.php\/wp-json\/wp\/v2\/media\/2470"}],"wp:attachment":[{"href":"https:\/\/www.osmickasobe.cz\/index.php\/wp-json\/wp\/v2\/media?parent=2469"}],"wp:term":[{"taxonomy":"category","embeddable":true,"href":"https:\/\/www.osmickasobe.cz\/index.php\/wp-json\/wp\/v2\/categories?post=2469"},{"taxonomy":"post_tag","embeddable":true,"href":"https:\/\/www.osmickasobe.cz\/index.php\/wp-json\/wp\/v2\/tags?post=2469"}],"curies":[{"name":"wp","href":"https:\/\/api.w.org\/{rel}","templated":true}]}}