{"id":2472,"date":"2018-05-03T15:58:28","date_gmt":"2018-05-03T15:58:28","guid":{"rendered":"http:\/\/www.osmickasobe.cz\/?p=2472"},"modified":"2018-09-30T16:03:13","modified_gmt":"2018-09-30T16:03:13","slug":"jasne-pro-zahradkam","status":"publish","type":"post","link":"https:\/\/www.osmickasobe.cz\/index.php\/2018\/05\/03\/jasne-pro-zahradkam\/","title":{"rendered":"Jasn\u00e9 pro zahr\u00e1dk\u00e1m"},"content":{"rendered":"<div class=\"perex\">V kv\u011btnov\u00e9m \u010d\u00edsle \u010dasopisu Osmi\u010dka odpov\u00edd\u00e1 pan\u00ed Jana Netopilov\u00e1,\u00a0 tajemnice zahr\u00e1dk\u00e1\u0159\u016f na Palmovce. Pan\u00ed Jana pat\u0159\u00ed mezi nez\u00e1visl\u00e9 ob\u010dany a za p\u0159\u00edsp\u011bvek j\u00ed moc d\u011bkujeme. Ot\u00e1zka zn\u00ed: Maj\u00ed b\u00fdt v Praze 8 zachov\u00e1ny zahr\u00e1dk\u00e1\u0159sk\u00e9 kolonie?<\/div>\n<div class=\"main-text-itself\">\n<div>Ano. Maj\u00ed. A nejen v\u00a0Praze 8 a nejen zachov\u00e1ny. M\u011bly by b\u00fdt sou\u010d\u00e1st\u00ed v\u0161ech v\u011bt\u0161\u00edch m\u011bst a m\u011blo by jich i u n\u00e1s p\u0159ib\u00fdvat stejn\u011b, jako rostou ve zbytku Evropy. Nap\u0159\u00edklad v\u00a0N\u011bmecku, Nizozemsku i v\u00a0dal\u0161\u00edch vysp\u011bl\u00fdch zem\u00edch se nav\u00edc t\u011b\u0161\u00ed velk\u00e9 ve\u0159ejn\u00e9 podpo\u0159e. Lidem p\u0159ehlcen\u00fdm prac\u00ed a ubit\u00fdm \u0161edost\u00ed m\u011bst \u010d\u00edm d\u00e1l v\u00edc chyb\u00ed kontakt s\u00a0p\u0159\u00edrodou \u2013 to vid\u00edme pr\u00e1v\u011b na obrovsk\u00e9m z\u00e1jmu o pron\u00e1jem m\u011bstsk\u00fdch zahr\u00e1dek. Jde i o ty, kte\u0159\u00ed se z\u00a0venkova museli p\u0159est\u011bhovat do m\u011bstsk\u00fdch aglomerac\u00ed kv\u016fli zam\u011bstn\u00e1n\u00ed, ale zdaleka ne jen o n\u011b. V\u00fdhoda je oboustrann\u00e1: lid\u00e9 kultivuj\u00ed pozemky obce, je\u0161t\u011b za to plat\u00ed pen\u00edze, a jsou \u0161\u0165astn\u00ed. T\u011bchto zahr\u00e1dk\u00e1\u0159\u016f p\u0159ib\u00fdv\u00e1, jsou mlad\u00ed, maj\u00ed mnohdy rodiny a l\u00e1sku k\u00a0zeleni p\u0159ed\u00e1vaj\u00ed dal\u0161\u00edm generac\u00edm. N\u011bkter\u00e9 osady v\u00a0Praze 8 maj\u00ed i \u201evoln\u00fd pozemek\u201c, na n\u011bm\u017e mohou po\u0159\u00e1dat osv\u011btov\u00e9 akce pro ve\u0159ejnost, jin\u00e9 kolonie jsou mali\u010dk\u00e9 a takovou mo\u017enost nemaj\u00ed. Ale i z\u00a0t\u011bch vyl\u00e9taj\u00ed v\u010dely, i v\u00a0t\u011bch kvetou a rod\u00ed tradi\u010dn\u00ed i \u0161lecht\u011bn\u00e9 rostliny. I v\u00a0zahr\u00e1dkov\u00fdch osad\u00e1ch v\u00a0Praze 8 byli zaznamen\u00e1ni \u017eivo\u010dichov\u00e9, kter\u00e9 dnes t\u011b\u017eko n\u011bkde najdete, leckdy jsou chr\u00e1n\u011bn\u00ed. Najdeme zahr\u00e1dk\u00e1\u0159e, kte\u0159\u00ed tr\u00e1v\u00ed na \u201esv\u00fdch\u201c zahrad\u00e1ch v\u011bt\u0161inu voln\u00e9ho \u010dasu. A nezapome\u0148me na d\u016fle\u017eitou v\u011bc \u2013 pronajat\u00e9 zahrady jsou st\u00e1le sou\u010d\u00e1st\u00ed m\u011bstsk\u00e9 zelen\u011b, kter\u00e1 je zahrnuta ve v\u0161ech procentu\u00e1ln\u00edch \u00fadaj\u00edch o tom, kolik j\u00ed kter\u00e9 m\u011bsto m\u00e1. V\u0161echna zele\u0148 se p\u0159ece ned\u00e1 zastav\u011bt domy!<\/div>\n<p><em><strong><br \/>\nJana Netopilov\u00e1, nez\u00e1visl\u00e1<\/strong><\/em><br \/>\n<em><strong>tajemnice ZO \u010cSZ Palmovka<\/p>\n<p>OSMI\u010cKA SOB\u011a \u2013 ZELEN\u00cd, KDU-\u010cSL a nez\u00e1visl\u00ed letos kandiduj\u00ed spole\u010dn\u011b v komun\u00e1ln\u00edch volb\u00e1ch do zastupitelstva Prahy 8.<\/strong><\/em><\/p>\n<\/div>\n","protected":false},"excerpt":{"rendered":"<p>V kv\u011btnov\u00e9m \u010d\u00edsle \u010dasopisu Osmi\u010dka odpov\u00edd\u00e1 pan\u00ed Jana Netopilov\u00e1,\u00a0 tajemnice zahr\u00e1dk\u00e1\u0159\u016f na Palmovce. Pan\u00ed Jana pat\u0159\u00ed mezi nez\u00e1visl\u00e9 ob\u010dany a za p\u0159\u00edsp\u011bvek j\u00ed moc d\u011bkujeme. Ot\u00e1zka zn\u00ed: Maj\u00ed b\u00fdt v Praze 8 zachov\u00e1ny zahr\u00e1dk\u00e1\u0159sk\u00e9 kolonie? Ano. Maj\u00ed. A nejen v\u00a0Praze 8 a nejen zachov\u00e1ny. M\u011bly by b\u00fdt sou\u010d\u00e1st\u00ed v\u0161ech v\u011bt\u0161\u00edch m\u011bst a m\u011blo by jich &hellip; <a href=\"https:\/\/www.osmickasobe.cz\/index.php\/2018\/05\/03\/jasne-pro-zahradkam\/\" class=\"more-link\">Pokra\u010dov\u00e1n\u00ed textu <span class=\"screen-reader-text\">Jasn\u00e9 pro zahr\u00e1dk\u00e1m<\/span><\/a><\/p>\n","protected":false},"author":2,"featured_media":2473,"comment_status":"open","ping_status":"open","sticky":false,"template":"","format":"standard","meta":[],"categories":[1],"tags":[],"uagb_featured_image_src":{"full":["https:\/\/www.osmickasobe.cz\/wp-content\/uploads\/2018\/09\/image-5.png",460,259,false],"thumbnail":["https:\/\/www.osmickasobe.cz\/wp-content\/uploads\/2018\/09\/image-5-150x150.png",150,150,true],"medium":["https:\/\/www.osmickasobe.cz\/wp-content\/uploads\/2018\/09\/image-5-300x169.png",300,169,true],"medium_large":["https:\/\/www.osmickasobe.cz\/wp-content\/uploads\/2018\/09\/image-5.png",460,259,false],"large":["https:\/\/www.osmickasobe.cz\/wp-content\/uploads\/2018\/09\/image-5.png",460,259,false],"1536x1536":["https:\/\/www.osmickasobe.cz\/wp-content\/uploads\/2018\/09\/image-5.png",460,259,false],"2048x2048":["https:\/\/www.osmickasobe.cz\/wp-content\/uploads\/2018\/09\/image-5.png",460,259,false],"post-thumbnail":["https:\/\/www.osmickasobe.cz\/wp-content\/uploads\/2018\/09\/image-5.png",460,259,false]},"uagb_author_info":{"display_name":"Stepan Klimes","author_link":"https:\/\/www.osmickasobe.cz\/index.php\/author\/stepan\/"},"uagb_comment_info":6,"uagb_excerpt":"V kv\u011btnov\u00e9m \u010d\u00edsle \u010dasopisu Osmi\u010dka odpov\u00edd\u00e1 pan\u00ed Jana Netopilov\u00e1,\u00a0 tajemnice zahr\u00e1dk\u00e1\u0159\u016f na Palmovce. Pan\u00ed Jana pat\u0159\u00ed mezi nez\u00e1visl\u00e9 ob\u010dany a za p\u0159\u00edsp\u011bvek j\u00ed moc d\u011bkujeme. Ot\u00e1zka zn\u00ed: Maj\u00ed b\u00fdt v Praze 8 zachov\u00e1ny zahr\u00e1dk\u00e1\u0159sk\u00e9 kolonie? Ano. Maj\u00ed. A nejen v\u00a0Praze 8 a nejen zachov\u00e1ny. M\u011bly by b\u00fdt sou\u010d\u00e1st\u00ed v\u0161ech v\u011bt\u0161\u00edch m\u011bst a m\u011blo by jich&hellip;","_links":{"self":[{"href":"https:\/\/www.osmickasobe.cz\/index.php\/wp-json\/wp\/v2\/posts\/2472"}],"collection":[{"href":"https:\/\/www.osmickasobe.cz\/index.php\/wp-json\/wp\/v2\/posts"}],"about":[{"href":"https:\/\/www.osmickasobe.cz\/index.php\/wp-json\/wp\/v2\/types\/post"}],"author":[{"embeddable":true,"href":"https:\/\/www.osmickasobe.cz\/index.php\/wp-json\/wp\/v2\/users\/2"}],"replies":[{"embeddable":true,"href":"https:\/\/www.osmickasobe.cz\/index.php\/wp-json\/wp\/v2\/comments?post=2472"}],"version-history":[{"count":3,"href":"https:\/\/www.osmickasobe.cz\/index.php\/wp-json\/wp\/v2\/posts\/2472\/revisions"}],"predecessor-version":[{"id":2476,"href":"https:\/\/www.osmickasobe.cz\/index.php\/wp-json\/wp\/v2\/posts\/2472\/revisions\/2476"}],"wp:featuredmedia":[{"embeddable":true,"href":"https:\/\/www.osmickasobe.cz\/index.php\/wp-json\/wp\/v2\/media\/2473"}],"wp:attachment":[{"href":"https:\/\/www.osmickasobe.cz\/index.php\/wp-json\/wp\/v2\/media?parent=2472"}],"wp:term":[{"taxonomy":"category","embeddable":true,"href":"https:\/\/www.osmickasobe.cz\/index.php\/wp-json\/wp\/v2\/categories?post=2472"},{"taxonomy":"post_tag","embeddable":true,"href":"https:\/\/www.osmickasobe.cz\/index.php\/wp-json\/wp\/v2\/tags?post=2472"}],"curies":[{"name":"wp","href":"https:\/\/api.w.org\/{rel}","templated":true}]}}