{"id":63,"date":"2018-08-29T04:22:25","date_gmt":"2018-08-29T04:22:25","guid":{"rendered":"http:\/\/www.osmickasobe.cz\/?p=63"},"modified":"2018-09-30T16:04:33","modified_gmt":"2018-09-30T16:04:33","slug":"program","status":"publish","type":"post","link":"https:\/\/www.osmickasobe.cz\/index.php\/2018\/08\/29\/program\/","title":{"rendered":"V Praze 8 chceme prosadit:"},"content":{"rendered":"<h4><span style=\"color: #333399;\">Na\u0161e m\u011bstsk\u00e1 \u010d\u00e1st pot\u0159ebuje \u0159\u00e1dnou p\u00e9\u010di, pravideln\u00fd kvalitn\u00ed \u00faklid, otev\u0159enou komunikaci mezi \u00fa\u0159adem,<\/span><span style=\"color: #333399;\">\u00a0radnic\u00ed a obyvateli. Stavba parkovi\u0161\u0165 u zast\u00e1vek MHD zabr\u00e1n\u00ed vjezdu dal\u0161\u00edch aut do na\u0161\u00ed m\u011bstsk\u00e9 \u010d\u00e1sti. Obecn\u00ed majetek budeme spravovat s p\u00e9\u010d\u00ed \u0159\u00e1dn\u00e9ho hospod\u00e1\u0159e.<\/span><\/h4>\n<p><img loading=\"lazy\" class=\"alignnone wp-image-203 size-full\" src=\"http:\/\/www.osmickasobe.cz\/wp-content\/uploads\/2018\/08\/mapa_priorit.png\" alt=\"\" width=\"1362\" height=\"1316\" srcset=\"https:\/\/www.osmickasobe.cz\/wp-content\/uploads\/2018\/08\/mapa_priorit.png 1362w, https:\/\/www.osmickasobe.cz\/wp-content\/uploads\/2018\/08\/mapa_priorit-300x290.png 300w, https:\/\/www.osmickasobe.cz\/wp-content\/uploads\/2018\/08\/mapa_priorit-768x742.png 768w, https:\/\/www.osmickasobe.cz\/wp-content\/uploads\/2018\/08\/mapa_priorit-1024x989.png 1024w\" sizes=\"(max-width: 1362px) 100vw, 1362px\" \/><\/p>\n<p><span style=\"text-decoration: underline;\"><b>Bohnice, \u010cimice<\/b><\/span><\/p>\n<ol start=\"1\">\n<li><b>Jsme proti zahu\u0161\u0165ov\u00e1n\u00ed s\u00eddli\u0161t\u011b.<\/b><span class=\"Apple-converted-space\">\u00a0<\/span><\/li>\n<li>Odm\u00edt\u00e1me v\u00fdstavbu u\u00a0OC\u00a0Krakov.<span class=\"Apple-converted-space\">\u00a0<\/span><\/li>\n<li>Obchodn\u00edm centr\u016fm<b> Odra <\/b>a\u00a0<b>Drah\u00e1\u0148<\/b> citlivou rekonstrukci.<\/li>\n<li><b>Tramvaj <\/b>Bohnice\u2013Praha 6.<\/li>\n<li>Jsme proti stavb\u011b <b>\u010cimick\u00e9 radi\u00e1ly<\/b>.<\/li>\n<\/ol>\n<p><span style=\"text-decoration: underline;\"><b>L\u00e1dv\u00ed, Kobylisy, St\u0159\u00ed\u017ekov<\/b><\/span><\/p>\n<ol start=\"6\">\n<li><b>Aktivn\u011b jsme vystupovali proti stavb\u011b v\u011b\u017e\u00e1k\u016f CPI.<\/b><\/li>\n<li>Zajist\u00edme po\u0159\u00e1dn\u00fd a\u00a0pravideln\u00fd <b>\u00faklid u\u00a0metra Kobylisy.<\/b><\/li>\n<li>Podporujeme <b>prodlou\u017een\u00ed tramvaje do Doln\u00edch Chaber.<\/b><\/li>\n<li>Odm\u00edt\u00e1me v\u00fdstavbu IPODEC v\u00a0Be\u0161\u0165\u00e1kov\u011b ulici.<\/li>\n<\/ol>\n<p><b><span style=\"text-decoration: underline;\">Libe\u0148<\/span><span class=\"Apple-converted-space\">\u00a0<\/span><\/b><\/p>\n<ol start=\"10\">\n<li><b>Nechceme Libe\u0148skou spojku ani\u00a0tunel na Palmovce.<\/b><\/li>\n<li>Ukon\u010den\u00ed stavebn\u00ed uz\u00e1v\u011bry umo\u017en\u00ed <b>rozvoj Libn\u011b<\/b>.<\/li>\n<li>Trvale a\u00a0aktivn\u011b podporujeme <b>zahlouben\u00ed Hole\u0161ovi\u010dek<\/b>.<\/li>\n<li>Provedeme kompletn\u00ed rekonstrukci toku <b>Rokytky <\/b>v\u00a0Praze 8 podle projektu projednan\u00e9ho s\u00a0ob\u010dany a\u00a0spolky.<\/li>\n<li>Oprav\u00edme stezku podle\u00a0Vltavy do Troje a\u00a0<b>zavedeme zde osv\u011btlen\u00ed.<\/b><\/li>\n<li>P\u0159ipravili jsme projekt pro <b>revitalizaci Palmovky<\/b>, kter\u00fd toto m\u00edsto prom\u011bn\u00ed v\u00a0kr\u00e1sn\u00e9 m\u011bstsk\u00e9 centrum.<span class=\"Apple-converted-space\">\u00a0<\/span><\/li>\n<\/ol>\n<p><span style=\"text-decoration: underline;\"><b>Karl\u00edn<\/b><\/span><\/p>\n<ol start=\"16\">\n<li>Obnov\u00edme okol\u00ed metra <b>Florenc<\/b> a\u00a0ulici Za Po\u0159\u00ed\u010dskou branou.<\/li>\n<li>Proti \u0161p\u00edn\u011b a\u00a0kriminalit\u011b budeme bojovat <b>o\u017eivov\u00e1n\u00edm a\u00a0kulturou<\/b>.<\/li>\n<li>Zabr\u00e1n\u00edme automobilov\u00e9mu tranzitu p\u0159es obytnou \u010d\u00e1st Karl\u00edna, nap\u0159. v\u00a0Pernerov\u011b.<\/li>\n<li>Tramvajov\u00fd most Karl\u00edn\u2013Hole\u0161ovice.<\/li>\n<li>Pobo\u010dka <b>m\u011bstsk\u00e9 knihovny.<\/b><\/li>\n<li>Lep\u0161\u00ed p\u0159\u00edstup k\u00a0\u0159ece Vltav\u011b.<\/li>\n<li>Ne zahu\u0161\u0165ov\u00e1n\u00ed s\u00eddli\u0161t\u011b <b>Invalidovna<\/b>.<\/li>\n<\/ol>\n<ul>\n<li>V\u00a05 \u0161kol\u00e1ch se uskute\u010dnil z\u00a0na\u0161\u00ed iniciativy projekt <b>Bezpe\u010dn\u00e1 cesta do \u0161kol<\/b>. Dal\u0161\u00ed budou n\u00e1sledovat. Prvn\u00ed <b>zklid\u0148uj\u00edc\u00ed opat\u0159en\u00ed <\/b>p\u0159ed \u0161kolami budou z\u0159\u00edzeny u\u017e\u00a0na ja\u0159e!<\/li>\n<li><b>Nulov\u00e1 tolerance hazardu.<\/b><\/li>\n<li>M\u00edsto ve \u0161kolk\u00e1ch pro v\u0161echny.<\/li>\n<li>Dokon\u010d\u00edme p\u0159\u00edstavbu Z\u0160\u00a0Ly\u010dkovo n\u00e1m\u011bst\u00ed a\u00a0rekonstrukci Z\u0160\u00a0Pernerova. Projekt uprav\u00edme tak, aby l\u00e9pe slou\u017eil a\u00a0vypadal.<\/li>\n<li>Podpo\u0159\u00edme v\u00fdstavbu<b> parkovi\u0161\u0165 <\/b>u\u00a0zast\u00e1vek MHD.<\/li>\n<li><b>Bezobalov\u00fd obchod<\/b> v\u00a0Karl\u00edn\u011b.<\/li>\n<li>Podporujeme rekonstrukci Invalidovny a\u00a0do\u010dasn\u00e9 vyu\u017eit\u00ed a\u00a0rekonstrukci karl\u00ednsk\u00fdch kas\u00e1ren.<\/li>\n<li>Zajist\u00edme vznik vlakov\u00fdch zast\u00e1vek Karl\u00edn a\u00a0Libe\u0148.<\/li>\n<\/ul>\n<h4><span style=\"color: #333399;\"><strong>5. \u0159\u00edjna volte kandid\u00e1tku \u010d\u00edslo 5 a \u0161est\u00e9ho\u00a0<\/strong><\/span><strong style=\"color: #333399;\">tak\u00e9!<\/strong><\/h4>\n<p><span style=\"color: #333399;\"><strong>OSMI\u010cKA SOB\u011a, ZELEN\u00cd, KDU-\u010cSL a nez\u00e1visl\u00ed<\/strong><\/span><\/p>\n<p>&nbsp;<\/p>\n<p><em><strong>OSMI\u010cKA SOB\u011a \u2013 ZELEN\u00cd, KDU-\u010cSL a nez\u00e1visl\u00ed letos kandiduj\u00ed spole\u010dn\u011b v komun\u00e1ln\u00edch volb\u00e1ch do zastupitelstva Prahy 8.<\/strong><\/em><\/p>\n<h2 align=\"center\"><\/h2>\n","protected":false},"excerpt":{"rendered":"<p>Na\u0161e m\u011bstsk\u00e1 \u010d\u00e1st pot\u0159ebuje \u0159\u00e1dnou p\u00e9\u010di, pravideln\u00fd kvalitn\u00ed \u00faklid, otev\u0159enou komunikaci mezi \u00fa\u0159adem,\u00a0radnic\u00ed a obyvateli. Stavba parkovi\u0161\u0165 u zast\u00e1vek MHD zabr\u00e1n\u00ed vjezdu dal\u0161\u00edch aut do na\u0161\u00ed m\u011bstsk\u00e9 \u010d\u00e1sti. Obecn\u00ed majetek budeme spravovat s p\u00e9\u010d\u00ed \u0159\u00e1dn\u00e9ho hospod\u00e1\u0159e. Bohnice, \u010cimice Jsme proti zahu\u0161\u0165ov\u00e1n\u00ed s\u00eddli\u0161t\u011b.\u00a0 Odm\u00edt\u00e1me v\u00fdstavbu u\u00a0OC\u00a0Krakov.\u00a0 Obchodn\u00edm centr\u016fm Odra a\u00a0Drah\u00e1\u0148 citlivou rekonstrukci. Tramvaj Bohnice\u2013Praha 6. Jsme &hellip; <a href=\"https:\/\/www.osmickasobe.cz\/index.php\/2018\/08\/29\/program\/\" class=\"more-link\">Pokra\u010dov\u00e1n\u00ed textu <span class=\"screen-reader-text\">V Praze 8 chceme prosadit:<\/span><\/a><\/p>\n","protected":false},"author":1,"featured_media":0,"comment_status":"open","ping_status":"open","sticky":false,"template":"","format":"standard","meta":[],"categories":[1],"tags":[],"uagb_featured_image_src":{"full":false,"thumbnail":false,"medium":false,"medium_large":false,"large":false,"1536x1536":false,"2048x2048":false,"post-thumbnail":false},"uagb_author_info":{"display_name":"osmickasob","author_link":"https:\/\/www.osmickasobe.cz\/index.php\/author\/osmickasob\/"},"uagb_comment_info":30,"uagb_excerpt":"Na\u0161e m\u011bstsk\u00e1 \u010d\u00e1st pot\u0159ebuje \u0159\u00e1dnou p\u00e9\u010di, pravideln\u00fd kvalitn\u00ed \u00faklid, otev\u0159enou komunikaci mezi \u00fa\u0159adem,\u00a0radnic\u00ed a obyvateli. Stavba parkovi\u0161\u0165 u zast\u00e1vek MHD zabr\u00e1n\u00ed vjezdu dal\u0161\u00edch aut do na\u0161\u00ed m\u011bstsk\u00e9 \u010d\u00e1sti. Obecn\u00ed majetek budeme spravovat s p\u00e9\u010d\u00ed \u0159\u00e1dn\u00e9ho hospod\u00e1\u0159e. Bohnice, \u010cimice Jsme proti zahu\u0161\u0165ov\u00e1n\u00ed s\u00eddli\u0161t\u011b.\u00a0 Odm\u00edt\u00e1me v\u00fdstavbu u\u00a0OC\u00a0Krakov.\u00a0 Obchodn\u00edm centr\u016fm Odra a\u00a0Drah\u00e1\u0148 citlivou rekonstrukci. Tramvaj Bohnice\u2013Praha 6. Jsme&hellip;","_links":{"self":[{"href":"https:\/\/www.osmickasobe.cz\/index.php\/wp-json\/wp\/v2\/posts\/63"}],"collection":[{"href":"https:\/\/www.osmickasobe.cz\/index.php\/wp-json\/wp\/v2\/posts"}],"about":[{"href":"https:\/\/www.osmickasobe.cz\/index.php\/wp-json\/wp\/v2\/types\/post"}],"author":[{"embeddable":true,"href":"https:\/\/www.osmickasobe.cz\/index.php\/wp-json\/wp\/v2\/users\/1"}],"replies":[{"embeddable":true,"href":"https:\/\/www.osmickasobe.cz\/index.php\/wp-json\/wp\/v2\/comments?post=63"}],"version-history":[{"count":21,"href":"https:\/\/www.osmickasobe.cz\/index.php\/wp-json\/wp\/v2\/posts\/63\/revisions"}],"predecessor-version":[{"id":2479,"href":"https:\/\/www.osmickasobe.cz\/index.php\/wp-json\/wp\/v2\/posts\/63\/revisions\/2479"}],"wp:attachment":[{"href":"https:\/\/www.osmickasobe.cz\/index.php\/wp-json\/wp\/v2\/media?parent=63"}],"wp:term":[{"taxonomy":"category","embeddable":true,"href":"https:\/\/www.osmickasobe.cz\/index.php\/wp-json\/wp\/v2\/categories?post=63"},{"taxonomy":"post_tag","embeddable":true,"href":"https:\/\/www.osmickasobe.cz\/index.php\/wp-json\/wp\/v2\/tags?post=63"}],"curies":[{"name":"wp","href":"https:\/\/api.w.org\/{rel}","templated":true}]}}